{"id":261085,"date":"2022-08-22T23:55:15","date_gmt":"2022-08-22T20:55:15","guid":{"rendered":"http:\/\/107.6.182.27\/tr\/?p=261085"},"modified":"2022-08-24T08:15:59","modified_gmt":"2022-08-24T05:15:59","slug":"nasrullah-suriye-direnis-ekseninde-temeldir-hizbullah-bunun-bir-parcasi-olarak-kalacaktir","status":"publish","type":"post","link":"https:\/\/archive.sana.sy\/tr\/?p=261085","title":{"rendered":"Nasrullah: Suriye Direni\u015f Ekseninde Temeldir, Hizbullah Bunun Bir Par\u00e7as\u0131 Olarak Kalacakt\u0131r"},"content":{"rendered":"<p style=\"text-align: justify;\">BEYRUT &#8211; Hizbullah Genel Sekreteri Seyyid Hasan Nasrullah, direni\u015f ekseninin ve sebat cephesinin temeli ve \u0130srail ko\u015fullar\u0131na teslim olmay\u0131 reddetmesi nedeniyle Suriye ile yol ve kaderin birli\u011fini vurgulad\u0131.<\/p>\n<p style=\"text-align: justify;\">Seyyid Nasrullah, Hizbullah&#8217;\u0131n kurulu\u015funun k\u0131rk\u0131nc\u0131 y\u0131ld\u00f6n\u00fcm\u00fc m\u00fcnasebetiyle Al Manar TV&#8217;de yay\u0131nlanan konu\u015fmas\u0131nda, &#8220;Bug\u00fcn, yar\u0131n ve her an Suriye direni\u015fi herhangi bir sald\u0131r\u0131ya u\u011frarsa teredd\u00fct etmeyece\u011fiz&#8221; dedi.<\/p>\n<p style=\"text-align: justify;\">Seyyid Nasrullah, Suriye ile L\u00fcbnan aras\u0131ndaki normal ili\u015fkilerin geri d\u00f6nmesinin \u00f6zellikle L\u00fcbnan&#8217;\u0131n bundan en b\u00fcy\u00fck fayday\u0131 sa\u011flad\u0131\u011f\u0131n\u0131 vurgulad\u0131. Ge\u00e7ti\u011fimiz k\u0131rk y\u0131l boyunca L\u00fcbnan&#8217;a ve halk\u0131na kap\u0131lar\u0131n\u0131 a\u00e7t\u0131\u011f\u0131 ve siyasi, diplomatik ve g\u00fcvenlik korumas\u0131n\u0131 sa\u011flad\u0131\u011f\u0131 i\u00e7in Suriye liderli\u011fine ve halk\u0131na te\u015fekk\u00fcr etmenin gereklili\u011fine dikkat \u00e7ekti.<\/p>\n<p style=\"text-align: justify;\">Seyyid Nasrullah, Hizbullah&#8217;\u0131n direni\u015f ekseninin bir par\u00e7as\u0131 olmaya devam edece\u011fini ve hegemonya planlar\u0131na kar\u015f\u0131 koyabilecek ve kutsal yerleri savunabilecek bir g\u00fc\u00e7 ekseni olarak ona bahse girece\u011fini a\u00e7\u0131k\u00e7a belirtti. Temmuz sava\u015f\u0131nda bu eksenin efsanevi kararl\u0131l\u0131\u011f\u0131n\u0131n sonu\u00e7lar\u0131ndan birinin de yeni Ortado\u011fu projesinin y\u0131k\u0131lmas\u0131, \u201cB\u00fcy\u00fck \u0130srail\u201d projesinin sona erdirilmesi ve \u201cYenilmez ordu\u201d efsanesinin y\u0131k\u0131lmas\u0131 oldu\u011funa dikkati \u00e7ekti.<\/p>\n<p style=\"text-align: justify;\">Seyyid Nasrullah, Filistin meselesinin milletin onur ve k\u00fclt\u00fcr\u00fcn\u00fcn bir par\u00e7as\u0131 oldu\u011funu, bu meselede terkedilmeye, tarafs\u0131zl\u0131\u011fa ve geri \u00e7ekilmeye yer olmad\u0131\u011f\u0131n\u0131, direni\u015fin Filistin halk\u0131n\u0131n yan\u0131nda olmaya devam edece\u011fini vurgulad\u0131.<\/p>\n<p style=\"text-align: justify;\">Nasrullah, i\u015fgal alt\u0131ndaki Filistin ile s\u0131n\u0131rlar\u0131n \u00e7izilmesi dosyas\u0131yla ilgili olarak, \u0130srail tehditlerinin hi\u00e7bir de\u011feri olmad\u0131\u011f\u0131n\u0131, \u00e7\u00fcnk\u00fc direni\u015fin karar\u0131n\u0131n ve y\u00f6n\u00fcn\u00fcn a\u00e7\u0131k oldu\u011funu belirterek, gerekeni yapmak i\u00e7in \u00f6n\u00fcm\u00fczdeki g\u00fcnleri beklediklerini belirterek, geri kalan\u0131n\u0131 \u00f6zg\u00fcrle\u015ftirme \u00e7al\u0131\u015fmalar\u0131n\u0131n alt\u0131n\u0131 \u00e7izdi.<\/p>\n<p><a class=\"qi72231t nu7423ey n3hqoq4p r86q59rh b3qcqh3k fq87ekyn bdao358l fsf7x5fv rse6dlih s5oniofx m8h3af8h l7ghb35v kjdc1dyq kmwttqpk srn514ro oxkhqvkx rl78xhln nch0832m cr00lzj9 rn8ck1ys s3jn8y49 icdlwmnq cxfqmxzd d1w2l3lo tes86rjd\" tabindex=\"0\" role=\"link\" href=\"https:\/\/www.facebook.com\/hashtag\/telegram_kanal%C4%B1m%C4%B1z?__eep__=6&amp;__cft__[0]=AZWS8GNyYL1CABCM20ktNQKTiXT78J1voWFWAZtXhmuzA36Yv5t3nrSq1mgUhITVG3azmW9ny6ph2IH-A_0QUOSPmbktqPKJD93uHifPKVs7pO5lq_xSj003-Rr_XHx_6bU&amp;__tn__=*NK-R\">#Telegram_Kanal\u0131m\u0131z<\/a>:\u00a0<a class=\"qi72231t nu7423ey n3hqoq4p r86q59rh b3qcqh3k fq87ekyn bdao358l fsf7x5fv rse6dlih s5oniofx m8h3af8h l7ghb35v kjdc1dyq kmwttqpk srn514ro oxkhqvkx rl78xhln nch0832m cr00lzj9 rn8ck1ys s3jn8y49 icdlwmnq cxfqmxzd ezidihy3\" tabindex=\"0\" role=\"link\" href=\"https:\/\/t.me\/SuriyeArapHaberAjans?fbclid=IwAR3GFtFBc5FyTTv89LyMEMTk7MS47voaX5g5dBmoxO7hjHa3bJrmvFXQ_YM\" target=\"_blank\" rel=\"nofollow noopener\">https:\/\/t.me\/SuriyeArapHaberAjans<\/a><\/p>\n<p>&nbsp;<\/p>\n","protected":false},"excerpt":{"rendered":"<p>BEYRUT &#8211; Hizbullah Genel Sekreteri Seyyid Hasan Nasrullah, direni\u015f ekseninin ve sebat cephesinin temeli ve \u0130srail ko\u015fullar\u0131na teslim olmay\u0131 reddetmesi nedeniyle Suriye ile yol ve kaderin birli\u011fini vurgulad\u0131. Seyyid Nasrullah, Hizbullah&#8217;\u0131n kurulu\u015funun k\u0131rk\u0131nc\u0131 y\u0131ld\u00f6n\u00fcm\u00fc m\u00fcnasebetiyle Al Manar TV&#8217;de yay\u0131nlanan konu\u015fmas\u0131nda, &#8220;Bug\u00fcn, yar\u0131n ve her an Suriye direni\u015fi herhangi bir sald\u0131r\u0131ya u\u011frarsa teredd\u00fct etmeyece\u011fiz&#8221; dedi. Seyyid &hellip;<\/p>\n","protected":false},"author":1,"featured_media":261086,"comment_status":"closed","ping_status":"closed","sticky":false,"template":"","format":"standard","meta":{"footnotes":""},"categories":[458,459,17988],"tags":[],"class_list":["post-261085","post","type-post","status-publish","format-standard","has-post-thumbnail","","category-dunya1","category-haberler-arap-uluslararasi-politika","category-son-haberler"],"_links":{"self":[{"href":"https:\/\/archive.sana.sy\/tr\/index.php?rest_route=\/wp\/v2\/posts\/261085","targetHints":{"allow":["GET"]}}],"collection":[{"href":"https:\/\/archive.sana.sy\/tr\/index.php?rest_route=\/wp\/v2\/posts"}],"about":[{"href":"https:\/\/archive.sana.sy\/tr\/index.php?rest_route=\/wp\/v2\/types\/post"}],"author":[{"embeddable":true,"href":"https:\/\/archive.sana.sy\/tr\/index.php?rest_route=\/wp\/v2\/users\/1"}],"replies":[{"embeddable":true,"href":"https:\/\/archive.sana.sy\/tr\/index.php?rest_route=%2Fwp%2Fv2%2Fcomments&post=261085"}],"version-history":[{"count":0,"href":"https:\/\/archive.sana.sy\/tr\/index.php?rest_route=\/wp\/v2\/posts\/261085\/revisions"}],"wp:featuredmedia":[{"embeddable":true,"href":"https:\/\/archive.sana.sy\/tr\/index.php?rest_route=\/wp\/v2\/media\/261086"}],"wp:attachment":[{"href":"https:\/\/archive.sana.sy\/tr\/index.php?rest_route=%2Fwp%2Fv2%2Fmedia&parent=261085"}],"wp:term":[{"taxonomy":"category","embeddable":true,"href":"https:\/\/archive.sana.sy\/tr\/index.php?rest_route=%2Fwp%2Fv2%2Fcategories&post=261085"},{"taxonomy":"post_tag","embeddable":true,"href":"https:\/\/archive.sana.sy\/tr\/index.php?rest_route=%2Fwp%2Fv2%2Ftags&post=261085"}],"curies":[{"name":"wp","href":"https:\/\/api.w.org\/{rel}","templated":true}]}}