{"id":261127,"date":"2022-08-24T09:32:29","date_gmt":"2022-08-24T06:32:29","guid":{"rendered":"http:\/\/107.6.182.27\/tr\/?p=261127"},"modified":"2022-08-25T08:23:05","modified_gmt":"2022-08-25T05:23:05","slug":"rusya-savunmasi-suriyede-el-nusra-cephesi-teror-orgutune-ait-bir-kamp-imha-edildi","status":"publish","type":"post","link":"https:\/\/archive.sana.sy\/tr\/?p=261127","title":{"rendered":"Rusya Savunmas\u0131: Suriye&#8217;de El Nusra Cephesi Ter\u00f6r \u00d6rg\u00fct\u00fcne Ait Bir Kamp \u0130mha Edildi"},"content":{"rendered":"<p>MOSKOVA &#8211; Rusya Savunma Bakanl\u0131\u011f\u0131, Havac\u0131l\u0131k ve Uzay Kuvvetleri&#8217;nin Suriye&#8217;deki El Nusra Cephesi ter\u00f6ristlerine tabi bir kamp\u0131 imha etti\u011fini ilan etti.<\/p>\n<p>Rusya&#8217;n\u0131n Hmeymim\u2019deki Uzla\u015fma Merkezi Ba\u015fkan Yard\u0131mc\u0131s\u0131 T\u00fcmgeneral Oleg Yegorov yapt\u0131\u011f\u0131 a\u00e7\u0131klamada, &#8220;Rus Hava Kuvvetleri, \u0130dlib ilindeki Han \u015eeyhun ve Serakib kentlerinin bombalanmas\u0131na kar\u0131\u015fan Nusra Cephesi ter\u00f6ristlerinin bulundu\u011fu bir kamp\u0131 imha etti&#8221; dedi.<\/p>\n<p>Ve Rus askeri yetkilisi, &#8220;bir m\u00fchimmat deposuna ek olarak bir ileti\u015fim sitesi ve ter\u00f6ristler i\u00e7in bir karargah\u0131n imha edildi\u011fini&#8221; belirtti.<\/p>\n","protected":false},"excerpt":{"rendered":"<p>MOSKOVA &#8211; Rusya Savunma Bakanl\u0131\u011f\u0131, Havac\u0131l\u0131k ve Uzay Kuvvetleri&#8217;nin Suriye&#8217;deki El Nusra Cephesi ter\u00f6ristlerine tabi bir kamp\u0131 imha etti\u011fini ilan etti. Rusya&#8217;n\u0131n Hmeymim\u2019deki Uzla\u015fma Merkezi Ba\u015fkan Yard\u0131mc\u0131s\u0131 T\u00fcmgeneral Oleg Yegorov yapt\u0131\u011f\u0131 a\u00e7\u0131klamada, &#8220;Rus Hava Kuvvetleri, \u0130dlib ilindeki Han \u015eeyhun ve Serakib kentlerinin bombalanmas\u0131na kar\u0131\u015fan Nusra Cephesi ter\u00f6ristlerinin bulundu\u011fu bir kamp\u0131 imha etti&#8221; dedi. Ve Rus &hellip;<\/p>\n","protected":false},"author":36,"featured_media":261128,"comment_status":"closed","ping_status":"closed","sticky":false,"template":"","format":"standard","meta":{"footnotes":""},"categories":[458,459,17988],"tags":[],"class_list":["post-261127","post","type-post","status-publish","format-standard","has-post-thumbnail","","category-dunya1","category-haberler-arap-uluslararasi-politika","category-son-haberler"],"_links":{"self":[{"href":"https:\/\/archive.sana.sy\/tr\/index.php?rest_route=\/wp\/v2\/posts\/261127","targetHints":{"allow":["GET"]}}],"collection":[{"href":"https:\/\/archive.sana.sy\/tr\/index.php?rest_route=\/wp\/v2\/posts"}],"about":[{"href":"https:\/\/archive.sana.sy\/tr\/index.php?rest_route=\/wp\/v2\/types\/post"}],"author":[{"embeddable":true,"href":"https:\/\/archive.sana.sy\/tr\/index.php?rest_route=\/wp\/v2\/users\/36"}],"replies":[{"embeddable":true,"href":"https:\/\/archive.sana.sy\/tr\/index.php?rest_route=%2Fwp%2Fv2%2Fcomments&post=261127"}],"version-history":[{"count":0,"href":"https:\/\/archive.sana.sy\/tr\/index.php?rest_route=\/wp\/v2\/posts\/261127\/revisions"}],"wp:featuredmedia":[{"embeddable":true,"href":"https:\/\/archive.sana.sy\/tr\/index.php?rest_route=\/wp\/v2\/media\/261128"}],"wp:attachment":[{"href":"https:\/\/archive.sana.sy\/tr\/index.php?rest_route=%2Fwp%2Fv2%2Fmedia&parent=261127"}],"wp:term":[{"taxonomy":"category","embeddable":true,"href":"https:\/\/archive.sana.sy\/tr\/index.php?rest_route=%2Fwp%2Fv2%2Fcategories&post=261127"},{"taxonomy":"post_tag","embeddable":true,"href":"https:\/\/archive.sana.sy\/tr\/index.php?rest_route=%2Fwp%2Fv2%2Ftags&post=261127"}],"curies":[{"name":"wp","href":"https:\/\/api.w.org\/{rel}","templated":true}]}}