{"id":26114,"date":"2015-03-10T12:33:25","date_gmt":"2015-03-10T10:33:25","guid":{"rendered":"http:\/\/www.sana.sy\/tr\/?p=26114"},"modified":"2015-03-10T12:33:25","modified_gmt":"2015-03-10T10:33:25","slug":"askeri-kaynak-ordu-birliklerimizin-suveyda-kuzeydogu-kirsalinin-resm-merte-el-faras-noktasini-tamamen-kontrolleri-altina-aldiklarini-ve-mevkide-cok-sayida-teroristi-oldurduklerini-soyledi","status":"publish","type":"post","link":"https:\/\/archive.sana.sy\/tr\/?p=26114","title":{"rendered":"Askeri kaynak, ordu birliklerimizin S\u00fcveyda kuzeydo\u011fu k\u0131rsal\u0131n\u0131n Resm Merte\u2019 el Faras noktas\u0131n\u0131 tamamen kontrolleri alt\u0131na ald\u0131klar\u0131n\u0131 ve mevkide \u00e7ok say\u0131da ter\u00f6risti \u00f6ld\u00fcrd\u00fcklerini s\u00f6yledi"},"content":{"rendered":"<p>Askeri kaynak, ordu birliklerimizin S\u00fcveyda kuzeydo\u011fu k\u0131rsal\u0131n\u0131n Resm Merte\u2019 el Faras noktas\u0131n\u0131 tamamen kontrolleri alt\u0131na ald\u0131klar\u0131n\u0131 ve mevkide \u00e7ok say\u0131da ter\u00f6risti \u00f6ld\u00fcrd\u00fcklerini s\u00f6yledi<\/p>\n","protected":false},"excerpt":{"rendered":"<p>Askeri kaynak, ordu birliklerimizin S\u00fcveyda kuzeydo\u011fu k\u0131rsal\u0131n\u0131n Resm Merte\u2019 el Faras noktas\u0131n\u0131 tamamen kontrolleri alt\u0131na ald\u0131klar\u0131n\u0131 ve mevkide \u00e7ok say\u0131da ter\u00f6risti \u00f6ld\u00fcrd\u00fcklerini s\u00f6yledi<\/p>\n","protected":false},"author":1,"featured_media":0,"comment_status":"closed","ping_status":"closed","sticky":false,"template":"","format":"standard","meta":{"footnotes":""},"categories":[1],"tags":[1031,12381],"class_list":["post-26114","post","type-post","status-publish","format-standard","","category-news-not-sorted","tag-askeri-kaynak","tag-ordu-birliklerimizin-suveyda-kuzeydogu-kirsalinin-resm-merte-el-faras-noktasini-tamamen-kontrolleri-altina-aldiklarini-ve-mevkide-cok-sayida-teroristi-oldurduklerini-soyledi"],"_links":{"self":[{"href":"https:\/\/archive.sana.sy\/tr\/index.php?rest_route=\/wp\/v2\/posts\/26114","targetHints":{"allow":["GET"]}}],"collection":[{"href":"https:\/\/archive.sana.sy\/tr\/index.php?rest_route=\/wp\/v2\/posts"}],"about":[{"href":"https:\/\/archive.sana.sy\/tr\/index.php?rest_route=\/wp\/v2\/types\/post"}],"author":[{"embeddable":true,"href":"https:\/\/archive.sana.sy\/tr\/index.php?rest_route=\/wp\/v2\/users\/1"}],"replies":[{"embeddable":true,"href":"https:\/\/archive.sana.sy\/tr\/index.php?rest_route=%2Fwp%2Fv2%2Fcomments&post=26114"}],"version-history":[{"count":0,"href":"https:\/\/archive.sana.sy\/tr\/index.php?rest_route=\/wp\/v2\/posts\/26114\/revisions"}],"wp:attachment":[{"href":"https:\/\/archive.sana.sy\/tr\/index.php?rest_route=%2Fwp%2Fv2%2Fmedia&parent=26114"}],"wp:term":[{"taxonomy":"category","embeddable":true,"href":"https:\/\/archive.sana.sy\/tr\/index.php?rest_route=%2Fwp%2Fv2%2Fcategories&post=26114"},{"taxonomy":"post_tag","embeddable":true,"href":"https:\/\/archive.sana.sy\/tr\/index.php?rest_route=%2Fwp%2Fv2%2Ftags&post=26114"}],"curies":[{"name":"wp","href":"https:\/\/api.w.org\/{rel}","templated":true}]}}