{"id":261162,"date":"2022-08-24T23:22:52","date_gmt":"2022-08-24T20:22:52","guid":{"rendered":"http:\/\/107.6.182.27\/tr\/?p=261162"},"modified":"2022-08-25T08:24:37","modified_gmt":"2022-08-25T05:24:37","slug":"halil-dlamini-ile-ekonomik-iliskilerin-aktivasyonu-ve-gelisimini-gorustu","status":"publish","type":"post","link":"https:\/\/archive.sana.sy\/tr\/?p=261162","title":{"rendered":"Halil, Dlamini \u0130le Ekonomik \u0130li\u015fkilerin Aktivasyonu Ve Geli\u015fimini G\u00f6r\u00fc\u015ft\u00fc"},"content":{"rendered":"<p style=\"text-align: justify;\">\u015eAM &#8211; Ekonomi ve D\u0131\u015f Ticaret Bakan\u0131 Dr. Muhammed Samer Al Halil, G\u00fcney Afrika Cumhuriyeti Uluslararas\u0131 \u0130li\u015fkiler ve \u0130\u015fbirli\u011fi Bakan Yard\u0131mc\u0131s\u0131 Candith Machigo Dlamini ile ortak \u00e7\u0131karlara dayal\u0131 ikili ili\u015fkileri geli\u015ftirmenin yollar\u0131n\u0131 g\u00f6r\u00fc\u015ft\u00fc.<\/p>\n<p style=\"text-align: justify;\">Ekonomi Bakanl\u0131\u011f\u0131 binas\u0131nda bug\u00fcn ger\u00e7ekle\u015ftirilen g\u00f6r\u00fc\u015fmede Bakan Al Halil, ticari ve ekonomik i\u015fbirli\u011fi i\u00e7in bir \u00e7er\u00e7eve anla\u015fma imzalayarak iki \u00fclke aras\u0131ndaki ekonomik ili\u015fkileri harekete ge\u00e7irmenin ve geli\u015ftirmenin \u00f6nemine vurgu yapt\u0131 ve ticaret ve yat\u0131r\u0131m da dahil olmak \u00fczere \u00e7e\u015fitli alanlarda i\u015fbirli\u011fini geli\u015ftirmek i\u00e7in temel konular\u0131 g\u00f6r\u00fc\u015fmek \u00fczere toplant\u0131lar d\u00fczenledi.<\/p>\n<p style=\"text-align: justify;\">Bakan Al Halil, iki \u00fclkedeki \u00fcr\u00fcn \u00e7e\u015fitlili\u011finden yararlanarak b\u00fct\u00fcnle\u015fik bir \u015fekilde i\u00e7 ticaret hacmini art\u0131rma mekanizmalar\u0131na de\u011findi.<\/p>\n<p style=\"text-align: justify;\">Kendi y\u00f6n\u00fcnden Dlamini ise ekonomik alanda veya yenilenebilir enerji, tar\u0131m, e\u011fitim, turizm ve k\u00fclt\u00fcr sekt\u00f6rlerinde iki \u00fclkeyi birbirine ba\u011flayan tarihi ili\u015fkilerin ve ortak i\u015fbirli\u011fi alanlar\u0131n\u0131n \u00f6nemini vurgulad\u0131.<\/p>\n<p><a class=\"qi72231t nu7423ey n3hqoq4p r86q59rh b3qcqh3k fq87ekyn bdao358l fsf7x5fv rse6dlih s5oniofx m8h3af8h l7ghb35v kjdc1dyq kmwttqpk srn514ro oxkhqvkx rl78xhln nch0832m cr00lzj9 rn8ck1ys s3jn8y49 icdlwmnq cxfqmxzd d1w2l3lo tes86rjd\" tabindex=\"0\" role=\"link\" href=\"https:\/\/www.facebook.com\/hashtag\/telegram_kanal%C4%B1m%C4%B1z?__eep__=6&amp;__cft__[0]=AZXNx4SnstyHeZxbXlkY06QIjGn9OnUUGRVwDc6O2HwvvUwLFJc8YpX7gEcD19cTL5b29GEmmI3xiW1vwPl7yqMpK9h9uAxt99H4SGN37f8JlPVVIBNZBG-2YHj_XRid3vk&amp;__tn__=*NK-R\">#Telegram_Kanal\u0131m\u0131z<\/a>:\u00a0<a class=\"qi72231t nu7423ey n3hqoq4p r86q59rh b3qcqh3k fq87ekyn bdao358l fsf7x5fv rse6dlih s5oniofx m8h3af8h l7ghb35v kjdc1dyq kmwttqpk srn514ro oxkhqvkx rl78xhln nch0832m cr00lzj9 rn8ck1ys s3jn8y49 icdlwmnq cxfqmxzd ezidihy3\" tabindex=\"0\" role=\"link\" href=\"https:\/\/t.me\/SuriyeArapHaberAjans?fbclid=IwAR0OmsbHtt0V-7z-rcrcTeHrJBRRowKQz0GNWCn9bYamchiNQb6-VOkHBSs\" target=\"_blank\" rel=\"nofollow noopener\">https:\/\/t.me\/SuriyeArapHaberAjans<\/a><\/p>\n","protected":false},"excerpt":{"rendered":"<p>\u015eAM &#8211; Ekonomi ve D\u0131\u015f Ticaret Bakan\u0131 Dr. Muhammed Samer Al Halil, G\u00fcney Afrika Cumhuriyeti Uluslararas\u0131 \u0130li\u015fkiler ve \u0130\u015fbirli\u011fi Bakan Yard\u0131mc\u0131s\u0131 Candith Machigo Dlamini ile ortak \u00e7\u0131karlara dayal\u0131 ikili ili\u015fkileri geli\u015ftirmenin yollar\u0131n\u0131 g\u00f6r\u00fc\u015ft\u00fc. Ekonomi Bakanl\u0131\u011f\u0131 binas\u0131nda bug\u00fcn ger\u00e7ekle\u015ftirilen g\u00f6r\u00fc\u015fmede Bakan Al Halil, ticari ve ekonomik i\u015fbirli\u011fi i\u00e7in bir \u00e7er\u00e7eve anla\u015fma imzalayarak iki \u00fclke aras\u0131ndaki ekonomik &hellip;<\/p>\n","protected":false},"author":1,"featured_media":0,"comment_status":"closed","ping_status":"closed","sticky":false,"template":"","format":"standard","meta":{"footnotes":""},"categories":[485,486,479,17988,478],"tags":[],"class_list":["post-261162","post","type-post","status-publish","format-standard","","category-is-ve-sermaye","category-haberler-is-ve-sermaye","category-haberler-yerel","category-son-haberler","category-yerel"],"_links":{"self":[{"href":"https:\/\/archive.sana.sy\/tr\/index.php?rest_route=\/wp\/v2\/posts\/261162","targetHints":{"allow":["GET"]}}],"collection":[{"href":"https:\/\/archive.sana.sy\/tr\/index.php?rest_route=\/wp\/v2\/posts"}],"about":[{"href":"https:\/\/archive.sana.sy\/tr\/index.php?rest_route=\/wp\/v2\/types\/post"}],"author":[{"embeddable":true,"href":"https:\/\/archive.sana.sy\/tr\/index.php?rest_route=\/wp\/v2\/users\/1"}],"replies":[{"embeddable":true,"href":"https:\/\/archive.sana.sy\/tr\/index.php?rest_route=%2Fwp%2Fv2%2Fcomments&post=261162"}],"version-history":[{"count":0,"href":"https:\/\/archive.sana.sy\/tr\/index.php?rest_route=\/wp\/v2\/posts\/261162\/revisions"}],"wp:attachment":[{"href":"https:\/\/archive.sana.sy\/tr\/index.php?rest_route=%2Fwp%2Fv2%2Fmedia&parent=261162"}],"wp:term":[{"taxonomy":"category","embeddable":true,"href":"https:\/\/archive.sana.sy\/tr\/index.php?rest_route=%2Fwp%2Fv2%2Fcategories&post=261162"},{"taxonomy":"post_tag","embeddable":true,"href":"https:\/\/archive.sana.sy\/tr\/index.php?rest_route=%2Fwp%2Fv2%2Ftags&post=261162"}],"curies":[{"name":"wp","href":"https:\/\/api.w.org\/{rel}","templated":true}]}}