{"id":261185,"date":"2022-08-24T22:50:53","date_gmt":"2022-08-24T19:50:53","guid":{"rendered":"http:\/\/107.6.182.27\/tr\/?p=261185"},"modified":"2022-08-26T08:49:40","modified_gmt":"2022-08-26T05:49:40","slug":"deyrezzorda-amerikan-isgal-guclerinin-iki-ussune-yeni-saldiri","status":"publish","type":"post","link":"https:\/\/archive.sana.sy\/tr\/?p=261185","title":{"rendered":"Deyrezzor&#8217;da Amerikan \u0130\u015fgal G\u00fc\u00e7lerinin \u0130ki \u00dcss\u00fcne Yeni Sald\u0131r\u0131"},"content":{"rendered":"<p>DYREZZOR &#8211; Deyrezzor k\u0131rsal\u0131ndaki El Omar ve Koniko petrol sahalar\u0131ndaki Amerikan i\u015fgalinin iki askeri \u00fcss\u00fcne roketatarl\u0131 el bombalar\u0131 ile sald\u0131r\u0131 d\u00fczenlendi.<\/p>\n<p>Yerel kaynaklar SANA muhabirine yapt\u0131\u011f\u0131 a\u00e7\u0131klamada, Amerikan i\u015fgal g\u00fc\u00e7lerinin iki askeri \u00fcss\u00fcne birka\u00e7 roket mermisinin d\u00fc\u015ft\u00fc\u011f\u00fcn\u00fc ve olay yerinden duman bulutlar\u0131n\u0131n y\u00fckseldi\u011finin g\u00f6r\u00fcld\u00fc\u011f\u00fcn\u00fc belirtti.<\/p>\n<p><a class=\"qi72231t nu7423ey n3hqoq4p r86q59rh b3qcqh3k fq87ekyn bdao358l fsf7x5fv rse6dlih s5oniofx m8h3af8h l7ghb35v kjdc1dyq kmwttqpk srn514ro oxkhqvkx rl78xhln nch0832m cr00lzj9 rn8ck1ys s3jn8y49 icdlwmnq cxfqmxzd d1w2l3lo tes86rjd\" tabindex=\"0\" role=\"link\" href=\"https:\/\/www.facebook.com\/hashtag\/telegram_kanal%C4%B1m%C4%B1z?__eep__=6&amp;__cft__[0]=AZXNx4SnstyHeZxbXlkY06QIjGn9OnUUGRVwDc6O2HwvvUwLFJc8YpX7gEcD19cTL5b29GEmmI3xiW1vwPl7yqMpK9h9uAxt99H4SGN37f8JlPVVIBNZBG-2YHj_XRid3vk&amp;__tn__=*NK-R\">#Telegram_Kanal\u0131m\u0131z<\/a>:\u00a0<a class=\"qi72231t nu7423ey n3hqoq4p r86q59rh b3qcqh3k fq87ekyn bdao358l fsf7x5fv rse6dlih s5oniofx m8h3af8h l7ghb35v kjdc1dyq kmwttqpk srn514ro oxkhqvkx rl78xhln nch0832m cr00lzj9 rn8ck1ys s3jn8y49 icdlwmnq cxfqmxzd ezidihy3\" tabindex=\"0\" role=\"link\" href=\"https:\/\/t.me\/SuriyeArapHaberAjans?fbclid=IwAR0OmsbHtt0V-7z-rcrcTeHrJBRRowKQz0GNWCn9bYamchiNQb6-VOkHBSs\" target=\"_blank\" rel=\"nofollow noopener\">https:\/\/t.me\/SuriyeArapHaberAjans<\/a><\/p>\n","protected":false},"excerpt":{"rendered":"<p>DYREZZOR &#8211; Deyrezzor k\u0131rsal\u0131ndaki El Omar ve Koniko petrol sahalar\u0131ndaki Amerikan i\u015fgalinin iki askeri \u00fcss\u00fcne roketatarl\u0131 el bombalar\u0131 ile sald\u0131r\u0131 d\u00fczenlendi. Yerel kaynaklar SANA muhabirine yapt\u0131\u011f\u0131 a\u00e7\u0131klamada, Amerikan i\u015fgal g\u00fc\u00e7lerinin iki askeri \u00fcss\u00fcne birka\u00e7 roket mermisinin d\u00fc\u015ft\u00fc\u011f\u00fcn\u00fc ve olay yerinden duman bulutlar\u0131n\u0131n y\u00fckseldi\u011finin g\u00f6r\u00fcld\u00fc\u011f\u00fcn\u00fc belirtti. #Telegram_Kanal\u0131m\u0131z:\u00a0https:\/\/t.me\/SuriyeArapHaberAjans<\/p>\n","protected":false},"author":36,"featured_media":261186,"comment_status":"closed","ping_status":"closed","sticky":false,"template":"","format":"standard","meta":{"footnotes":""},"categories":[479,575,17988,478],"tags":[],"class_list":["post-261185","post","type-post","status-publish","format-standard","has-post-thumbnail","","category-haberler-yerel","category-olaylar-ve-gercekler","category-son-haberler","category-yerel"],"_links":{"self":[{"href":"https:\/\/archive.sana.sy\/tr\/index.php?rest_route=\/wp\/v2\/posts\/261185","targetHints":{"allow":["GET"]}}],"collection":[{"href":"https:\/\/archive.sana.sy\/tr\/index.php?rest_route=\/wp\/v2\/posts"}],"about":[{"href":"https:\/\/archive.sana.sy\/tr\/index.php?rest_route=\/wp\/v2\/types\/post"}],"author":[{"embeddable":true,"href":"https:\/\/archive.sana.sy\/tr\/index.php?rest_route=\/wp\/v2\/users\/36"}],"replies":[{"embeddable":true,"href":"https:\/\/archive.sana.sy\/tr\/index.php?rest_route=%2Fwp%2Fv2%2Fcomments&post=261185"}],"version-history":[{"count":0,"href":"https:\/\/archive.sana.sy\/tr\/index.php?rest_route=\/wp\/v2\/posts\/261185\/revisions"}],"wp:featuredmedia":[{"embeddable":true,"href":"https:\/\/archive.sana.sy\/tr\/index.php?rest_route=\/wp\/v2\/media\/261186"}],"wp:attachment":[{"href":"https:\/\/archive.sana.sy\/tr\/index.php?rest_route=%2Fwp%2Fv2%2Fmedia&parent=261185"}],"wp:term":[{"taxonomy":"category","embeddable":true,"href":"https:\/\/archive.sana.sy\/tr\/index.php?rest_route=%2Fwp%2Fv2%2Fcategories&post=261185"},{"taxonomy":"post_tag","embeddable":true,"href":"https:\/\/archive.sana.sy\/tr\/index.php?rest_route=%2Fwp%2Fv2%2Ftags&post=261185"}],"curies":[{"name":"wp","href":"https:\/\/api.w.org\/{rel}","templated":true}]}}