{"id":261209,"date":"2022-08-25T23:27:49","date_gmt":"2022-08-25T20:27:49","guid":{"rendered":"http:\/\/107.6.182.27\/tr\/?p=261209"},"modified":"2022-08-27T09:09:34","modified_gmt":"2022-08-27T06:09:34","slug":"hava-savunmamiz-hama-ve-tartus-illerinin-cevresinde-israil-saldirisina-karsi-koydu","status":"publish","type":"post","link":"https:\/\/archive.sana.sy\/tr\/?p=261209","title":{"rendered":"Hava Savunmam\u0131z Hama Ve Tartus \u0130llerinin \u00c7evresinde \u0130srail Sald\u0131r\u0131s\u0131na Kar\u015f\u0131 Koydu"},"content":{"rendered":"<p style=\"text-align: justify;\">\u015eAM &#8211; Hava savunmam\u0131z, Hama ve Tartus \u015fehirlerinin \u00e7evresini hedef alan ve f\u00fczelerinin \u00e7o\u011funu d\u00fc\u015f\u00fcrd\u00fc\u011f\u00fc bir \u0130srail sald\u0131r\u0131s\u0131yla kar\u015f\u0131 koydu.<\/p>\n<p style=\"text-align: justify;\">Askeri bir kaynak SANA&#8217;ya: \u201cHava savunmalar\u0131m\u0131z, bu ak\u015fam yakla\u015f\u0131k 19.15&#8217;te Tartus ilinin g\u00fcneybat\u0131s\u0131nda, deniz y\u00f6n\u00fcnden bir \u0130srail hava sald\u0131r\u0131s\u0131na kar\u015f\u0131 koydu\u011funu sald\u0131r\u0131 f\u00fczelerinin \u00e7o\u011funun Hama ve Tartus illerinin \u00e7evresini hedef ald\u0131\u011f\u0131n\u0131 ancak f\u00fczelerin \u00e7o\u011funun d\u00fc\u015f\u00fcr\u00fcld\u00fc\u011f\u00fcn\u00fc s\u00f6yledit\u00fc.<\/p>\n<p style=\"text-align: justify;\">Kaynak, &#8220;Sald\u0131r\u0131n\u0131n iki sivilin yaralanmas\u0131na, maddi hasarlara ve baz\u0131 yerlerinde yang\u0131n \u00e7\u0131kmas\u0131na neden oldu\u011funu&#8221; s\u00f6zlerine ekledi<strong>.<\/strong><\/p>\n<article id=\"the-post\" class=\"post-listing post-261189 post type-post status-publish format-standard has-post-thumbnail category-dunya1 category-haber-seridi category-haberler-arap-uluslararasi-politika category-slayt\">\n<div class=\"post-inner\">\n<div class=\"entry\">\n<p><a class=\"qi72231t nu7423ey n3hqoq4p r86q59rh b3qcqh3k fq87ekyn bdao358l fsf7x5fv rse6dlih s5oniofx m8h3af8h l7ghb35v kjdc1dyq kmwttqpk srn514ro oxkhqvkx rl78xhln nch0832m cr00lzj9 rn8ck1ys s3jn8y49 icdlwmnq cxfqmxzd d1w2l3lo tes86rjd\" tabindex=\"0\" role=\"link\" href=\"https:\/\/www.facebook.com\/hashtag\/telegram_kanal%C4%B1m%C4%B1z?__eep__=6&amp;__cft__[0]=AZXNx4SnstyHeZxbXlkY06QIjGn9OnUUGRVwDc6O2HwvvUwLFJc8YpX7gEcD19cTL5b29GEmmI3xiW1vwPl7yqMpK9h9uAxt99H4SGN37f8JlPVVIBNZBG-2YHj_XRid3vk&amp;__tn__=*NK-R\">#Telegram_Kanal\u0131m\u0131z<\/a>:\u00a0<a class=\"qi72231t nu7423ey n3hqoq4p r86q59rh b3qcqh3k fq87ekyn bdao358l fsf7x5fv rse6dlih s5oniofx m8h3af8h l7ghb35v kjdc1dyq kmwttqpk srn514ro oxkhqvkx rl78xhln nch0832m cr00lzj9 rn8ck1ys s3jn8y49 icdlwmnq cxfqmxzd ezidihy3\" tabindex=\"0\" role=\"link\" href=\"https:\/\/t.me\/SuriyeArapHaberAjans?fbclid=IwAR0OmsbHtt0V-7z-rcrcTeHrJBRRowKQz0GNWCn9bYamchiNQb6-VOkHBSs\" target=\"_blank\" rel=\"nofollow noopener\">https:\/\/t.me\/SuriyeArapHaberAjans<\/a><\/p>\n<\/div>\n<div class=\"clear\"><\/div>\n<\/div>\n<\/article>\n<section id=\"check-also-box\" class=\"post-listing check-also-right show-check-also\"><\/section>\n","protected":false},"excerpt":{"rendered":"<p>\u015eAM &#8211; Hava savunmam\u0131z, Hama ve Tartus \u015fehirlerinin \u00e7evresini hedef alan ve f\u00fczelerinin \u00e7o\u011funu d\u00fc\u015f\u00fcrd\u00fc\u011f\u00fc bir \u0130srail sald\u0131r\u0131s\u0131yla kar\u015f\u0131 koydu. Askeri bir kaynak SANA&#8217;ya: \u201cHava savunmalar\u0131m\u0131z, bu ak\u015fam yakla\u015f\u0131k 19.15&#8217;te Tartus ilinin g\u00fcneybat\u0131s\u0131nda, deniz y\u00f6n\u00fcnden bir \u0130srail hava sald\u0131r\u0131s\u0131na kar\u015f\u0131 koydu\u011funu sald\u0131r\u0131 f\u00fczelerinin \u00e7o\u011funun Hama ve Tartus illerinin \u00e7evresini hedef ald\u0131\u011f\u0131n\u0131 ancak f\u00fczelerin \u00e7o\u011funun d\u00fc\u015f\u00fcr\u00fcld\u00fc\u011f\u00fcn\u00fc &hellip;<\/p>\n","protected":false},"author":1,"featured_media":0,"comment_status":"closed","ping_status":"closed","sticky":false,"template":"","format":"standard","meta":{"footnotes":""},"categories":[479,575,17988,478],"tags":[],"class_list":["post-261209","post","type-post","status-publish","format-standard","","category-haberler-yerel","category-olaylar-ve-gercekler","category-son-haberler","category-yerel"],"_links":{"self":[{"href":"https:\/\/archive.sana.sy\/tr\/index.php?rest_route=\/wp\/v2\/posts\/261209","targetHints":{"allow":["GET"]}}],"collection":[{"href":"https:\/\/archive.sana.sy\/tr\/index.php?rest_route=\/wp\/v2\/posts"}],"about":[{"href":"https:\/\/archive.sana.sy\/tr\/index.php?rest_route=\/wp\/v2\/types\/post"}],"author":[{"embeddable":true,"href":"https:\/\/archive.sana.sy\/tr\/index.php?rest_route=\/wp\/v2\/users\/1"}],"replies":[{"embeddable":true,"href":"https:\/\/archive.sana.sy\/tr\/index.php?rest_route=%2Fwp%2Fv2%2Fcomments&post=261209"}],"version-history":[{"count":0,"href":"https:\/\/archive.sana.sy\/tr\/index.php?rest_route=\/wp\/v2\/posts\/261209\/revisions"}],"wp:attachment":[{"href":"https:\/\/archive.sana.sy\/tr\/index.php?rest_route=%2Fwp%2Fv2%2Fmedia&parent=261209"}],"wp:term":[{"taxonomy":"category","embeddable":true,"href":"https:\/\/archive.sana.sy\/tr\/index.php?rest_route=%2Fwp%2Fv2%2Fcategories&post=261209"},{"taxonomy":"post_tag","embeddable":true,"href":"https:\/\/archive.sana.sy\/tr\/index.php?rest_route=%2Fwp%2Fv2%2Ftags&post=261209"}],"curies":[{"name":"wp","href":"https:\/\/api.w.org\/{rel}","templated":true}]}}