{"id":261218,"date":"2022-08-25T23:26:14","date_gmt":"2022-08-25T20:26:14","guid":{"rendered":"http:\/\/107.6.182.27\/tr\/?p=261218"},"modified":"2022-08-26T08:48:54","modified_gmt":"2022-08-26T05:48:54","slug":"baas-partisinin-busra-el-samdaki-tumen-yoneticilerinden-biri-terorist-kursunlariyla-sehit-oldu","status":"publish","type":"post","link":"https:\/\/archive.sana.sy\/tr\/?p=261218","title":{"rendered":"Baas Partisi\u2019nin Busra el \u015eam&#8217;daki T\u00fcmen Y\u00f6neticilerinden Biri Ter\u00f6rist Kur\u015funlar\u0131yla \u015eehit Oldu"},"content":{"rendered":"<p style=\"text-align: justify;\">DERA \u2013 Partizan T\u00fcmen Sekreteri, Busra el \u015eam T\u00fcmen Komutanl\u0131\u011f\u0131 \u00fcyesi Yussef el Zubi, Dera k\u0131rsal\u0131na ba\u011fl\u0131 el Mseyfre kasabas\u0131nda bir ter\u00f6rist grubun kur\u015funlar\u0131yla \u015fehit oldu, bir vatanda\u015f da yaraland\u0131.<\/p>\n<p style=\"text-align: justify;\">Dera Polis Komutanl\u0131\u011f\u0131ndan bir kaynak SANA muhabirine yapt\u0131\u011f\u0131 a\u00e7\u0131klamada, ter\u00f6ristlerin Zubi\u2019yi el Mseyfre Beldesindeki dairesinin \u00f6n\u00fcnde canl\u0131 at\u0131\u015f ile hedef ald\u0131klar\u0131n\u0131 ve bunun sonucunda Zubi\u2019nin \u015fehit d\u00fc\u015ft\u00fc\u011f\u00fcn\u00fc ve yan\u0131nda bulunan Ahmet Abd Alkadirin yaraland\u0131\u011f\u0131n\u0131 belirtti.<\/p>\n<p style=\"text-align: justify;\">P.M.<\/p>\n<article id=\"the-post\" class=\"post-listing post-261189 post type-post status-publish format-standard has-post-thumbnail  category-dunya1 category-haber-seridi category-haberler-arap-uluslararasi-politika category-slayt\">\n<div class=\"post-inner\">\n<div class=\"entry\">\n<p><a class=\"qi72231t nu7423ey n3hqoq4p r86q59rh b3qcqh3k fq87ekyn bdao358l fsf7x5fv rse6dlih s5oniofx m8h3af8h l7ghb35v kjdc1dyq kmwttqpk srn514ro oxkhqvkx rl78xhln nch0832m cr00lzj9 rn8ck1ys s3jn8y49 icdlwmnq cxfqmxzd d1w2l3lo tes86rjd\" tabindex=\"0\" role=\"link\" href=\"https:\/\/www.facebook.com\/hashtag\/telegram_kanal%C4%B1m%C4%B1z?__eep__=6&amp;__cft__[0]=AZXNx4SnstyHeZxbXlkY06QIjGn9OnUUGRVwDc6O2HwvvUwLFJc8YpX7gEcD19cTL5b29GEmmI3xiW1vwPl7yqMpK9h9uAxt99H4SGN37f8JlPVVIBNZBG-2YHj_XRid3vk&amp;__tn__=*NK-R\">#Telegram_Kanal\u0131m\u0131z<\/a>:\u00a0<a class=\"qi72231t nu7423ey n3hqoq4p r86q59rh b3qcqh3k fq87ekyn bdao358l fsf7x5fv rse6dlih s5oniofx m8h3af8h l7ghb35v kjdc1dyq kmwttqpk srn514ro oxkhqvkx rl78xhln nch0832m cr00lzj9 rn8ck1ys s3jn8y49 icdlwmnq cxfqmxzd ezidihy3\" tabindex=\"0\" role=\"link\" href=\"https:\/\/t.me\/SuriyeArapHaberAjans?fbclid=IwAR0OmsbHtt0V-7z-rcrcTeHrJBRRowKQz0GNWCn9bYamchiNQb6-VOkHBSs\" target=\"_blank\" rel=\"nofollow noopener\">https:\/\/t.me\/SuriyeArapHaberAjans<\/a><\/p>\n<\/div>\n<div class=\"clear\"><\/div>\n<\/div>\n<\/article>\n<section id=\"check-also-box\" class=\"post-listing check-also-right show-check-also\"><\/section>\n","protected":false},"excerpt":{"rendered":"<p>DERA \u2013 Partizan T\u00fcmen Sekreteri, Busra el \u015eam T\u00fcmen Komutanl\u0131\u011f\u0131 \u00fcyesi Yussef el Zubi, Dera k\u0131rsal\u0131na ba\u011fl\u0131 el Mseyfre kasabas\u0131nda bir ter\u00f6rist grubun kur\u015funlar\u0131yla \u015fehit oldu, bir vatanda\u015f da yaraland\u0131. Dera Polis Komutanl\u0131\u011f\u0131ndan bir kaynak SANA muhabirine yapt\u0131\u011f\u0131 a\u00e7\u0131klamada, ter\u00f6ristlerin Zubi\u2019yi el Mseyfre Beldesindeki dairesinin \u00f6n\u00fcnde canl\u0131 at\u0131\u015f ile hedef ald\u0131klar\u0131n\u0131 ve bunun sonucunda Zubi\u2019nin &hellip;<\/p>\n","protected":false},"author":1,"featured_media":261219,"comment_status":"closed","ping_status":"closed","sticky":false,"template":"","format":"standard","meta":{"footnotes":""},"categories":[479,575,17988,478],"tags":[],"class_list":["post-261218","post","type-post","status-publish","format-standard","has-post-thumbnail","","category-haberler-yerel","category-olaylar-ve-gercekler","category-son-haberler","category-yerel"],"_links":{"self":[{"href":"https:\/\/archive.sana.sy\/tr\/index.php?rest_route=\/wp\/v2\/posts\/261218","targetHints":{"allow":["GET"]}}],"collection":[{"href":"https:\/\/archive.sana.sy\/tr\/index.php?rest_route=\/wp\/v2\/posts"}],"about":[{"href":"https:\/\/archive.sana.sy\/tr\/index.php?rest_route=\/wp\/v2\/types\/post"}],"author":[{"embeddable":true,"href":"https:\/\/archive.sana.sy\/tr\/index.php?rest_route=\/wp\/v2\/users\/1"}],"replies":[{"embeddable":true,"href":"https:\/\/archive.sana.sy\/tr\/index.php?rest_route=%2Fwp%2Fv2%2Fcomments&post=261218"}],"version-history":[{"count":0,"href":"https:\/\/archive.sana.sy\/tr\/index.php?rest_route=\/wp\/v2\/posts\/261218\/revisions"}],"wp:featuredmedia":[{"embeddable":true,"href":"https:\/\/archive.sana.sy\/tr\/index.php?rest_route=\/wp\/v2\/media\/261219"}],"wp:attachment":[{"href":"https:\/\/archive.sana.sy\/tr\/index.php?rest_route=%2Fwp%2Fv2%2Fmedia&parent=261218"}],"wp:term":[{"taxonomy":"category","embeddable":true,"href":"https:\/\/archive.sana.sy\/tr\/index.php?rest_route=%2Fwp%2Fv2%2Fcategories&post=261218"},{"taxonomy":"post_tag","embeddable":true,"href":"https:\/\/archive.sana.sy\/tr\/index.php?rest_route=%2Fwp%2Fv2%2Ftags&post=261218"}],"curies":[{"name":"wp","href":"https:\/\/api.w.org\/{rel}","templated":true}]}}