{"id":261270,"date":"2022-08-26T11:56:58","date_gmt":"2022-08-26T08:56:58","guid":{"rendered":"http:\/\/107.6.182.27\/tr\/?p=261270"},"modified":"2022-08-28T08:27:16","modified_gmt":"2022-08-28T05:27:16","slug":"turk-isgali-ve-kiraliklari-rakka-kirsalindaki-ayn-isa-cevresine-saldirilarini-yeniledi","status":"publish","type":"post","link":"https:\/\/archive.sana.sy\/tr\/?p=261270","title":{"rendered":"T\u00fcrk \u0130\u015fgali Ve Kiral\u0131klar\u0131, Rakka K\u0131rsal\u0131ndaki Ayn \u0130sa \u00c7evresine Sald\u0131r\u0131lar\u0131n\u0131 Yeniledi"},"content":{"rendered":"<p>RAKKA \u2013 T\u00fcrk i\u015fgali ve ter\u00f6r \u00f6rg\u00fctlerinden kiral\u0131klar\u0131, Rakka k\u0131rsal\u0131n\u0131n kuzeyinde i\u015fgal etti\u011fi b\u00f6lgelere biti\u015fik konut b\u00f6lgelerine f\u00fczelerle sald\u0131r\u0131lar\u0131n\u0131 yeniledi.<\/p>\n<p>Yerel kaynaklar SANA muhabirine yapt\u0131\u011f\u0131 a\u00e7\u0131klamada, &#8220;T\u00fcrk i\u015fgal g\u00fc\u00e7leri ve kiral\u0131klar\u0131, Rakka \u015fehrinin kuzeyindeki Ayn \u0130sa beldesi k\u0131rsal\u0131ndaki Ebu Surra, El Dibs k\u00f6ylerini ve M4 uluslararas\u0131 karayolu a\u011f\u0131r toplarla hedef ald\u0131&#8221; dedi.<\/p>\n<p>Kaynaklar, s\u00f6z konusu sald\u0131r\u0131n\u0131n sonucunda, maddi hasarlara ve uluslararas\u0131 karayolu trafi\u011finin aral\u0131kl\u0131 olarak ask\u0131ya al\u0131nmas\u0131na neden oldu\u011funa i\u015faret etti.<\/p>\n<p><a class=\"qi72231t nu7423ey n3hqoq4p r86q59rh b3qcqh3k fq87ekyn bdao358l fsf7x5fv rse6dlih s5oniofx m8h3af8h l7ghb35v kjdc1dyq kmwttqpk srn514ro oxkhqvkx rl78xhln nch0832m cr00lzj9 rn8ck1ys s3jn8y49 icdlwmnq cxfqmxzd d1w2l3lo tes86rjd\" tabindex=\"0\" role=\"link\" href=\"https:\/\/www.facebook.com\/hashtag\/telegram_kanal%C4%B1m%C4%B1z?__eep__=6&amp;__cft__[0]=AZXNx4SnstyHeZxbXlkY06QIjGn9OnUUGRVwDc6O2HwvvUwLFJc8YpX7gEcD19cTL5b29GEmmI3xiW1vwPl7yqMpK9h9uAxt99H4SGN37f8JlPVVIBNZBG-2YHj_XRid3vk&amp;__tn__=*NK-R\">#Telegram_Kanal\u0131m\u0131z<\/a>:\u00a0<a class=\"qi72231t nu7423ey n3hqoq4p r86q59rh b3qcqh3k fq87ekyn bdao358l fsf7x5fv rse6dlih s5oniofx m8h3af8h l7ghb35v kjdc1dyq kmwttqpk srn514ro oxkhqvkx rl78xhln nch0832m cr00lzj9 rn8ck1ys s3jn8y49 icdlwmnq cxfqmxzd ezidihy3\" tabindex=\"0\" role=\"link\" href=\"https:\/\/t.me\/SuriyeArapHaberAjans?fbclid=IwAR0OmsbHtt0V-7z-rcrcTeHrJBRRowKQz0GNWCn9bYamchiNQb6-VOkHBSs\" target=\"_blank\" rel=\"nofollow noopener\">https:\/\/t.me\/SuriyeArapHaberAjans<\/a><\/p>\n","protected":false},"excerpt":{"rendered":"<p>RAKKA \u2013 T\u00fcrk i\u015fgali ve ter\u00f6r \u00f6rg\u00fctlerinden kiral\u0131klar\u0131, Rakka k\u0131rsal\u0131n\u0131n kuzeyinde i\u015fgal etti\u011fi b\u00f6lgelere biti\u015fik konut b\u00f6lgelerine f\u00fczelerle sald\u0131r\u0131lar\u0131n\u0131 yeniledi. Yerel kaynaklar SANA muhabirine yapt\u0131\u011f\u0131 a\u00e7\u0131klamada, &#8220;T\u00fcrk i\u015fgal g\u00fc\u00e7leri ve kiral\u0131klar\u0131, Rakka \u015fehrinin kuzeyindeki Ayn \u0130sa beldesi k\u0131rsal\u0131ndaki Ebu Surra, El Dibs k\u00f6ylerini ve M4 uluslararas\u0131 karayolu a\u011f\u0131r toplarla hedef ald\u0131&#8221; dedi. Kaynaklar, s\u00f6z konusu &hellip;<\/p>\n","protected":false},"author":36,"featured_media":261271,"comment_status":"closed","ping_status":"closed","sticky":false,"template":"","format":"standard","meta":{"footnotes":""},"categories":[479,575,17988,2554,2555,478],"tags":[],"class_list":["post-261270","post","type-post","status-publish","format-standard","has-post-thumbnail","","category-haberler-yerel","category-olaylar-ve-gercekler","category-son-haberler","category-suriye-ve-dunya","category-suriye-ve-turkiye","category-yerel"],"_links":{"self":[{"href":"https:\/\/archive.sana.sy\/tr\/index.php?rest_route=\/wp\/v2\/posts\/261270","targetHints":{"allow":["GET"]}}],"collection":[{"href":"https:\/\/archive.sana.sy\/tr\/index.php?rest_route=\/wp\/v2\/posts"}],"about":[{"href":"https:\/\/archive.sana.sy\/tr\/index.php?rest_route=\/wp\/v2\/types\/post"}],"author":[{"embeddable":true,"href":"https:\/\/archive.sana.sy\/tr\/index.php?rest_route=\/wp\/v2\/users\/36"}],"replies":[{"embeddable":true,"href":"https:\/\/archive.sana.sy\/tr\/index.php?rest_route=%2Fwp%2Fv2%2Fcomments&post=261270"}],"version-history":[{"count":0,"href":"https:\/\/archive.sana.sy\/tr\/index.php?rest_route=\/wp\/v2\/posts\/261270\/revisions"}],"wp:featuredmedia":[{"embeddable":true,"href":"https:\/\/archive.sana.sy\/tr\/index.php?rest_route=\/wp\/v2\/media\/261271"}],"wp:attachment":[{"href":"https:\/\/archive.sana.sy\/tr\/index.php?rest_route=%2Fwp%2Fv2%2Fmedia&parent=261270"}],"wp:term":[{"taxonomy":"category","embeddable":true,"href":"https:\/\/archive.sana.sy\/tr\/index.php?rest_route=%2Fwp%2Fv2%2Fcategories&post=261270"},{"taxonomy":"post_tag","embeddable":true,"href":"https:\/\/archive.sana.sy\/tr\/index.php?rest_route=%2Fwp%2Fv2%2Ftags&post=261270"}],"curies":[{"name":"wp","href":"https:\/\/api.w.org\/{rel}","templated":true}]}}