{"id":261273,"date":"2022-08-26T22:26:35","date_gmt":"2022-08-26T19:26:35","guid":{"rendered":"http:\/\/107.6.182.27\/tr\/?p=261273"},"modified":"2022-08-27T11:45:50","modified_gmt":"2022-08-27T08:45:50","slug":"mikdad-djuboa-ile-suriye-abhaz-ekonomik-iliskilerini-guclendirmenin-yollarini-gorustu-video","status":"publish","type":"post","link":"https:\/\/archive.sana.sy\/tr\/?p=261273","title":{"rendered":"Mikdad, Djuboa \u0130le Suriye-Abhaz Ekonomik \u0130li\u015fkilerini G\u00fc\u00e7lendirmenin Yollar\u0131n\u0131 G\u00f6r\u00fc\u015ft\u00fc (V\u0130DEO)"},"content":{"rendered":"<p>SUHUM \u2013 D\u0131\u015fi\u015fleri ve Gurbet\u00e7iler Bakan\u0131 Faysal Mikdad, Abhazya Birinci Ba\u015fbakan Yard\u0131mc\u0131s\u0131 ve Tar\u0131m Bakan\u0131 Beslan Djuboa ile iki \u00fclke aras\u0131ndaki ikili ekonomik ili\u015fkilerin geli\u015ftirilmesi umutlar\u0131n\u0131 g\u00f6r\u00fc\u015ft\u00fc.<\/p>\n<p><img loading=\"lazy\" decoding=\"async\" class=\"size-medium wp-image-261274 alignright\" src=\"http:\/\/107.6.182.27\/tr\/wp-content\/uploads\/2022\/08\/1-19-300x186.jpg\" alt=\"\" width=\"300\" height=\"186\" srcset=\"https:\/\/archive.sana.sy\/tr\/wp-content\/uploads\/2022\/08\/1-19-300x186.jpg 300w, https:\/\/archive.sana.sy\/tr\/wp-content\/uploads\/2022\/08\/1-19-150x93.jpg 150w, https:\/\/archive.sana.sy\/tr\/wp-content\/uploads\/2022\/08\/1-19.jpg 660w\" sizes=\"auto, (max-width: 300px) 100vw, 300px\" \/>Abhazya&#8217;da d\u00fczenlenen g\u00f6r\u00fc\u015fmede Djoboa, \u00fclkesinin Suriye ile her alanda i\u015fbirli\u011fini g\u00fc\u00e7lendirme konusundaki isteklili\u011fini belirtirken, Suriye Arap Cumhuriyeti h\u00fck\u00fcmetinin Abhazya&#8217;n\u0131n egemenli\u011fini ve ba\u011f\u0131ms\u0131zl\u0131\u011f\u0131n\u0131 tan\u0131ma karar\u0131 i\u00e7in \u00fclkesinin b\u00fcy\u00fck takdirini ifade etti.<\/p>\n<p>Dr. Mikdad ise, Abhazya&#8217;n\u0131n Suriye taraf\u0131ndan ba\u011f\u0131ms\u0131zl\u0131\u011f\u0131n\u0131 tan\u0131ma ve iki \u00fclke aras\u0131nda diplomatik ili\u015fkiler kurma karar\u0131n\u0131n, iki halk\u0131 birbirine ba\u011flayan ve halklar\u0131n kendi kaderini tayin hakk\u0131 olmak \u00fczere, her t\u00fcrl\u00fc d\u0131\u015f m\u00fcdahaleyi reddeden, hegemonya ve s\u00f6m\u00fcrgecilik politikalar\u0131na \u00a0direnen ortak ilkelerin sa\u011flam temelleri \u00fczerine in\u015fa edilen tarihi ili\u015fkilerin derinli\u011finin bir teyidi oldu\u011funu belirtti.<\/p>\n<p>G\u00f6r\u00fc\u015fmede, iki \u00fclke aras\u0131nda imzalanan anla\u015fmalar ve ekonomik i\u015fbirli\u011finin ortak \u00e7\u0131karlar\u0131n her alan\u0131nda geni\u015fletilmesine y\u00f6nelik mekanizmalar ele al\u0131nd\u0131 ve Suriye-Abhaz Ortak Komitesi&#8217;nin bir sonraki toplant\u0131s\u0131n\u0131n m\u00fcmk\u00fcn olan en k\u0131sa s\u00fcrede yap\u0131lmas\u0131 kararla\u015ft\u0131r\u0131ld\u0131.<\/p>\n<p>\u0130ki taraf, Amerika Birle\u015fik Devletleri ve Bat\u0131l\u0131 \u00fclkelerin Bat\u0131&#8217;n\u0131n politikalar\u0131na boyun e\u011fmeyi reddeden halklara dayatt\u0131\u011f\u0131 ku\u015fatma politikalar\u0131n\u0131 ve tek tarafl\u0131 cebri tedbirleri k\u0131nad\u0131.<\/p>\n<p>Toplant\u0131ya, Suriye tara\u0131ndan Suriye&#8217;nin Moskova B\u00fcy\u00fckel\u00e7isi Dr. Riyad Haddad, D\u0131\u015fi\u015fleri ve Gurbet\u00e7iler Bakanl\u0131\u011f\u0131 Avrupa Departman\u0131 Direkt\u00f6r\u00fc Dr. Luay Faluh, Bakanl\u0131kta \u0130dari Destek Departman\u0131 Direkt\u00f6r\u00fc Dr. Abdullah Hallak ve Bakan ofisinden Ahab Mustafa ve Abhaz taraf\u0131ndan Maliye Bakan\u0131 Vladimir Delba, Ekonomi Bakan\u0131 Christina Ozjan ve D\u0131\u015fi\u015fleri Bakan Yard\u0131mc\u0131s\u0131 ve \u00e7ok say\u0131da h\u00fck\u00fcmet yetkilisi kat\u0131ld\u0131.<\/p>\n<p><a class=\"qi72231t nu7423ey n3hqoq4p r86q59rh b3qcqh3k fq87ekyn bdao358l fsf7x5fv rse6dlih s5oniofx m8h3af8h l7ghb35v kjdc1dyq kmwttqpk srn514ro oxkhqvkx rl78xhln nch0832m cr00lzj9 rn8ck1ys s3jn8y49 icdlwmnq cxfqmxzd d1w2l3lo tes86rjd\" tabindex=\"0\" role=\"link\" href=\"https:\/\/www.facebook.com\/hashtag\/telegram_kanal%C4%B1m%C4%B1z?__eep__=6&amp;__cft__[0]=AZXNx4SnstyHeZxbXlkY06QIjGn9OnUUGRVwDc6O2HwvvUwLFJc8YpX7gEcD19cTL5b29GEmmI3xiW1vwPl7yqMpK9h9uAxt99H4SGN37f8JlPVVIBNZBG-2YHj_XRid3vk&amp;__tn__=*NK-R\">#Telegram_Kanal\u0131m\u0131z<\/a>:\u00a0<a class=\"qi72231t nu7423ey n3hqoq4p r86q59rh b3qcqh3k fq87ekyn bdao358l fsf7x5fv rse6dlih s5oniofx m8h3af8h l7ghb35v kjdc1dyq kmwttqpk srn514ro oxkhqvkx rl78xhln nch0832m cr00lzj9 rn8ck1ys s3jn8y49 icdlwmnq cxfqmxzd ezidihy3\" tabindex=\"0\" role=\"link\" href=\"https:\/\/t.me\/SuriyeArapHaberAjans?fbclid=IwAR0OmsbHtt0V-7z-rcrcTeHrJBRRowKQz0GNWCn9bYamchiNQb6-VOkHBSs\" target=\"_blank\" rel=\"nofollow noopener\">https:\/\/t.me\/SuriyeArapHaberAjans<\/a><\/p>\n<p style=\"text-align: center;\"><iframe loading=\"lazy\" title=\"\u0645\u0628\u0627\u062d\u062b\u0627\u062a \u0627\u0644\u0648\u0632\u064a\u0631 \u0627\u0644\u0645\u0642\u062f\u0627\u062f \u0645\u0639 \u0627\u0644\u0646\u0627\u0626\u0628 \u0627\u0644\u0623\u0648\u0644 \u0644\u0631\u0626\u064a\u0633 \u0645\u062c\u0644\u0633 \u0627\u0644\u0648\u0632\u0631\u0627\u0621 \u0627\u0644\u0623\u0628\u062e\u0627\u0632\u064a\" src=\"https:\/\/www.youtube.com\/embed\/617XHFP_PcA\" width=\"620\" height=\"348\" frameborder=\"0\" allowfullscreen=\"allowfullscreen\"><\/iframe><\/p>\n<div id='gallery-1' class='gallery galleryid-261273 gallery-columns-1 gallery-size-full'><figure class='gallery-item'>\n\t\t\t<div class='gallery-icon landscape'>\n\t\t\t\t<a href='https:\/\/archive.sana.sy\/tr\/wp-content\/uploads\/2022\/08\/2-16.jpg'><img loading=\"lazy\" decoding=\"async\" width=\"660\" height=\"433\" src=\"https:\/\/archive.sana.sy\/tr\/wp-content\/uploads\/2022\/08\/2-16.jpg\" class=\"attachment-full size-full\" alt=\"\" srcset=\"https:\/\/archive.sana.sy\/tr\/wp-content\/uploads\/2022\/08\/2-16.jpg 660w, https:\/\/archive.sana.sy\/tr\/wp-content\/uploads\/2022\/08\/2-16-300x197.jpg 300w, https:\/\/archive.sana.sy\/tr\/wp-content\/uploads\/2022\/08\/2-16-150x98.jpg 150w\" sizes=\"auto, (max-width: 660px) 100vw, 660px\" \/><\/a>\n\t\t\t<\/div><\/figure>\n\t\t<\/div>\n\n","protected":false},"excerpt":{"rendered":"<p>SUHUM \u2013 D\u0131\u015fi\u015fleri ve Gurbet\u00e7iler Bakan\u0131 Faysal Mikdad, Abhazya Birinci Ba\u015fbakan Yard\u0131mc\u0131s\u0131 ve Tar\u0131m Bakan\u0131 Beslan Djuboa ile iki \u00fclke aras\u0131ndaki ikili ekonomik ili\u015fkilerin geli\u015ftirilmesi umutlar\u0131n\u0131 g\u00f6r\u00fc\u015ft\u00fc. Abhazya&#8217;da d\u00fczenlenen g\u00f6r\u00fc\u015fmede Djoboa, \u00fclkesinin Suriye ile her alanda i\u015fbirli\u011fini g\u00fc\u00e7lendirme konusundaki isteklili\u011fini belirtirken, Suriye Arap Cumhuriyeti h\u00fck\u00fcmetinin Abhazya&#8217;n\u0131n egemenli\u011fini ve ba\u011f\u0131ms\u0131zl\u0131\u011f\u0131n\u0131 tan\u0131ma karar\u0131 i\u00e7in \u00fclkesinin b\u00fcy\u00fck takdirini &hellip;<\/p>\n","protected":false},"author":36,"featured_media":261276,"comment_status":"closed","ping_status":"closed","sticky":false,"template":"","format":"standard","meta":{"footnotes":""},"categories":[458,596,459,17988],"tags":[],"class_list":["post-261273","post","type-post","status-publish","format-standard","has-post-thumbnail","","category-dunya1","category-fotografli-raporlar","category-haberler-arap-uluslararasi-politika","category-son-haberler"],"_links":{"self":[{"href":"https:\/\/archive.sana.sy\/tr\/index.php?rest_route=\/wp\/v2\/posts\/261273","targetHints":{"allow":["GET"]}}],"collection":[{"href":"https:\/\/archive.sana.sy\/tr\/index.php?rest_route=\/wp\/v2\/posts"}],"about":[{"href":"https:\/\/archive.sana.sy\/tr\/index.php?rest_route=\/wp\/v2\/types\/post"}],"author":[{"embeddable":true,"href":"https:\/\/archive.sana.sy\/tr\/index.php?rest_route=\/wp\/v2\/users\/36"}],"replies":[{"embeddable":true,"href":"https:\/\/archive.sana.sy\/tr\/index.php?rest_route=%2Fwp%2Fv2%2Fcomments&post=261273"}],"version-history":[{"count":0,"href":"https:\/\/archive.sana.sy\/tr\/index.php?rest_route=\/wp\/v2\/posts\/261273\/revisions"}],"wp:featuredmedia":[{"embeddable":true,"href":"https:\/\/archive.sana.sy\/tr\/index.php?rest_route=\/wp\/v2\/media\/261276"}],"wp:attachment":[{"href":"https:\/\/archive.sana.sy\/tr\/index.php?rest_route=%2Fwp%2Fv2%2Fmedia&parent=261273"}],"wp:term":[{"taxonomy":"category","embeddable":true,"href":"https:\/\/archive.sana.sy\/tr\/index.php?rest_route=%2Fwp%2Fv2%2Fcategories&post=261273"},{"taxonomy":"post_tag","embeddable":true,"href":"https:\/\/archive.sana.sy\/tr\/index.php?rest_route=%2Fwp%2Fv2%2Ftags&post=261273"}],"curies":[{"name":"wp","href":"https:\/\/api.w.org\/{rel}","templated":true}]}}