{"id":261278,"date":"2022-08-26T23:05:56","date_gmt":"2022-08-26T20:05:56","guid":{"rendered":"http:\/\/107.6.182.27\/tr\/?p=261278"},"modified":"2022-08-28T08:27:52","modified_gmt":"2022-08-28T05:27:52","slug":"mikdad-asuba-ve-bartsis-ile-suriye-ve-abhazya-arasindaki-parlamenter-iliskilerin-guclendirilmesini-gorustu","status":"publish","type":"post","link":"https:\/\/archive.sana.sy\/tr\/?p=261278","title":{"rendered":"Mikdad, A\u015fuba ve Bartsis ile Suriye ve Abhazya Aras\u0131ndaki Parlamenter \u0130li\u015fkilerin G\u00fc\u00e7lendirilmesini G\u00f6r\u00fc\u015ft\u00fc"},"content":{"rendered":"<p>SUHUM \u2013 D\u0131\u015fi\u015fleri ve Gurbet\u00e7iler Bakan\u0131 Faysal Mikdad, Abhazya Cumhuriyeti Halk Meclisi Ba\u015fkan\u0131 Lasha A\u015fuba ile ikili ili\u015fkileri ve Suriye ile Abhazya aras\u0131ndaki parlamenter i\u015fbirli\u011finin geli\u015ftirilmesini g\u00f6r\u00fc\u015ft\u00fc.<\/p>\n<p>Mikdad, Ba\u011f\u0131ms\u0131zl\u0131k G\u00fcn\u00fc vesilesiyle Suriye liderli\u011finin ve Suriye Halk Meclisi&#8217;nin Abhaz halk\u0131na s\u0131cak tebriklerini iletti.<\/p>\n<p>Bakan Mikdad, Abhaz halk\u0131n\u0131n bug\u00fcnlere s\u0131radan bir yoldan gelmedi\u011fini, ba\u011f\u0131ms\u0131zl\u0131klar\u0131n\u0131 kazanmak i\u00e7in kan \u00f6dediklerini belirtirken, iki \u00fclke halklar\u0131 aras\u0131ndaki ili\u015fkilerin Suriye&#8217;nin Abhazya&#8217;n\u0131n ba\u011f\u0131ms\u0131zl\u0131\u011f\u0131n\u0131 tan\u0131ma tarihine de\u011fil, daha \u00e7ok tarihe dayand\u0131\u011f\u0131na dikkat \u00e7ekti.<\/p>\n<p>Bakan Mikdad ayr\u0131ca Suriye&#8217;deki duruma ili\u015fkin bir sunum yapt\u0131.<\/p>\n<p><img loading=\"lazy\" decoding=\"async\" class=\"size-medium wp-image-261279 alignright\" src=\"http:\/\/107.6.182.27\/tr\/wp-content\/uploads\/2022\/08\/4-14-300x180.jpg\" alt=\"\" width=\"300\" height=\"180\" srcset=\"https:\/\/archive.sana.sy\/tr\/wp-content\/uploads\/2022\/08\/4-14-300x180.jpg 300w, https:\/\/archive.sana.sy\/tr\/wp-content\/uploads\/2022\/08\/4-14-150x90.jpg 150w, https:\/\/archive.sana.sy\/tr\/wp-content\/uploads\/2022\/08\/4-14.jpg 660w\" sizes=\"auto, (max-width: 300px) 100vw, 300px\" \/>D\u0131\u015fi\u015fleri ve Gurbet\u00e7iler Bakan\u0131, Suriye&#8217;nin istikrar\u0131 yeniden sa\u011flamaya, i\u015fgali ve yabanc\u0131 g\u00fc\u00e7lerin yasad\u0131\u015f\u0131 askeri varl\u0131\u011f\u0131n\u0131 sona erdirmeye ve dost \u00fclkeler ve m\u00fcttefiklerin yard\u0131m\u0131yla ter\u00f6r\u00fc yenmeye devam etti\u011fini vurgulad\u0131.<\/p>\n<p>A\u015fuba ise Abhazya&#8217;n\u0131n Ba\u011f\u0131ms\u0131zl\u0131k G\u00fcn\u00fc&#8217;nde Suriye heyetinin varl\u0131\u011f\u0131ndan Abhaz halk\u0131n\u0131n mutlulu\u011funu dile getirdi.<\/p>\n<p>A\u015fuba, Abhaz halk\u0131n\u0131n Suriye halk\u0131n\u0131n ve liderli\u011finin yan\u0131nda oldu\u011funu belirtirken, Suriye&#8217;nin istikrar\u0131 yeniden sa\u011flayabilece\u011fine ve ter\u00f6rizmi ortadan kald\u0131raca\u011f\u0131na olan inanc\u0131n\u0131 dile getirdi.<\/p>\n<p>Bakan Mikdad, Abhaz Halk Meclisi D\u0131\u015f \u0130li\u015fkiler ve Diaspora ile \u0130leti\u015fim Komitesi Ba\u015fkan\u0131 Khas Bartsis ile de bir araya geldi.<\/p>\n<p>Mikdad, Suriye-Abhaz-Suriye Parlamento Dostluk Komitesi&#8217;nin kurulmas\u0131n\u0131n, iki \u00fclke, iki halk ve Halk Meclisi&#8217;nin ikili ili\u015fkileri g\u00fc\u00e7lendirme ve her alanda i\u015fbirli\u011fi i\u00e7in yeni ufuklar bulma arzusunun somutla\u015fm\u0131\u015f\u0131 oldu\u011funa dikkat \u00e7ekti.<\/p>\n<p>Mikdad, Suriye&#8217;nin halk\u0131n isteklerini kar\u015f\u0131lad\u0131\u011f\u0131 i\u00e7in parlamenter diplomasinin \u00f6nemine inand\u0131\u011f\u0131na dikkat \u00e7ekti.<\/p>\n<p>Bartsis ise iki \u00fclke halklar\u0131 aras\u0131ndaki tarihi ve k\u00fclt\u00fcrel ili\u015fkilerin derinli\u011fini ve ortak \u00e7\u0131karlara hizmet etmek i\u00e7in parlamenter ili\u015fkilerin g\u00fc\u00e7lendirilmesi gere\u011fini belirtirken, Suriye&#8217;nin Abhaz halk\u0131n\u0131n ikinci \u00fclkesi haline geldi\u011fine i\u015faret etti.<\/p>\n<p><a class=\"qi72231t nu7423ey n3hqoq4p r86q59rh b3qcqh3k fq87ekyn bdao358l fsf7x5fv rse6dlih s5oniofx m8h3af8h l7ghb35v kjdc1dyq kmwttqpk srn514ro oxkhqvkx rl78xhln nch0832m cr00lzj9 rn8ck1ys s3jn8y49 icdlwmnq cxfqmxzd d1w2l3lo tes86rjd\" tabindex=\"0\" role=\"link\" href=\"https:\/\/www.facebook.com\/hashtag\/telegram_kanal%C4%B1m%C4%B1z?__eep__=6&amp;__cft__[0]=AZXNx4SnstyHeZxbXlkY06QIjGn9OnUUGRVwDc6O2HwvvUwLFJc8YpX7gEcD19cTL5b29GEmmI3xiW1vwPl7yqMpK9h9uAxt99H4SGN37f8JlPVVIBNZBG-2YHj_XRid3vk&amp;__tn__=*NK-R\">#Telegram_Kanal\u0131m\u0131z<\/a>:\u00a0<a class=\"qi72231t nu7423ey n3hqoq4p r86q59rh b3qcqh3k fq87ekyn bdao358l fsf7x5fv rse6dlih s5oniofx m8h3af8h l7ghb35v kjdc1dyq kmwttqpk srn514ro oxkhqvkx rl78xhln nch0832m cr00lzj9 rn8ck1ys s3jn8y49 icdlwmnq cxfqmxzd ezidihy3\" tabindex=\"0\" role=\"link\" href=\"https:\/\/t.me\/SuriyeArapHaberAjans?fbclid=IwAR0OmsbHtt0V-7z-rcrcTeHrJBRRowKQz0GNWCn9bYamchiNQb6-VOkHBSs\" target=\"_blank\" rel=\"nofollow noopener\">https:\/\/t.me\/SuriyeArapHaberAjans<\/a><\/p>\n<p>&nbsp;<\/p>\n","protected":false},"excerpt":{"rendered":"<p>SUHUM \u2013 D\u0131\u015fi\u015fleri ve Gurbet\u00e7iler Bakan\u0131 Faysal Mikdad, Abhazya Cumhuriyeti Halk Meclisi Ba\u015fkan\u0131 Lasha A\u015fuba ile ikili ili\u015fkileri ve Suriye ile Abhazya aras\u0131ndaki parlamenter i\u015fbirli\u011finin geli\u015ftirilmesini g\u00f6r\u00fc\u015ft\u00fc. Mikdad, Ba\u011f\u0131ms\u0131zl\u0131k G\u00fcn\u00fc vesilesiyle Suriye liderli\u011finin ve Suriye Halk Meclisi&#8217;nin Abhaz halk\u0131na s\u0131cak tebriklerini iletti. Bakan Mikdad, Abhaz halk\u0131n\u0131n bug\u00fcnlere s\u0131radan bir yoldan gelmedi\u011fini, ba\u011f\u0131ms\u0131zl\u0131klar\u0131n\u0131 kazanmak i\u00e7in kan &hellip;<\/p>\n","protected":false},"author":36,"featured_media":261280,"comment_status":"closed","ping_status":"closed","sticky":false,"template":"","format":"standard","meta":{"footnotes":""},"categories":[458,459,17988],"tags":[],"class_list":["post-261278","post","type-post","status-publish","format-standard","has-post-thumbnail","","category-dunya1","category-haberler-arap-uluslararasi-politika","category-son-haberler"],"_links":{"self":[{"href":"https:\/\/archive.sana.sy\/tr\/index.php?rest_route=\/wp\/v2\/posts\/261278","targetHints":{"allow":["GET"]}}],"collection":[{"href":"https:\/\/archive.sana.sy\/tr\/index.php?rest_route=\/wp\/v2\/posts"}],"about":[{"href":"https:\/\/archive.sana.sy\/tr\/index.php?rest_route=\/wp\/v2\/types\/post"}],"author":[{"embeddable":true,"href":"https:\/\/archive.sana.sy\/tr\/index.php?rest_route=\/wp\/v2\/users\/36"}],"replies":[{"embeddable":true,"href":"https:\/\/archive.sana.sy\/tr\/index.php?rest_route=%2Fwp%2Fv2%2Fcomments&post=261278"}],"version-history":[{"count":0,"href":"https:\/\/archive.sana.sy\/tr\/index.php?rest_route=\/wp\/v2\/posts\/261278\/revisions"}],"wp:featuredmedia":[{"embeddable":true,"href":"https:\/\/archive.sana.sy\/tr\/index.php?rest_route=\/wp\/v2\/media\/261280"}],"wp:attachment":[{"href":"https:\/\/archive.sana.sy\/tr\/index.php?rest_route=%2Fwp%2Fv2%2Fmedia&parent=261278"}],"wp:term":[{"taxonomy":"category","embeddable":true,"href":"https:\/\/archive.sana.sy\/tr\/index.php?rest_route=%2Fwp%2Fv2%2Fcategories&post=261278"},{"taxonomy":"post_tag","embeddable":true,"href":"https:\/\/archive.sana.sy\/tr\/index.php?rest_route=%2Fwp%2Fv2%2Ftags&post=261278"}],"curies":[{"name":"wp","href":"https:\/\/api.w.org\/{rel}","templated":true}]}}