{"id":26128,"date":"2015-03-10T14:11:49","date_gmt":"2015-03-10T12:11:49","guid":{"rendered":"http:\/\/www.sana.sy\/tr\/?p=26128"},"modified":"2015-03-10T14:11:49","modified_gmt":"2015-03-10T12:11:49","slug":"turkiye-ve-katar-teror-orgutlere-destegini-surduruyor","status":"publish","type":"post","link":"https:\/\/archive.sana.sy\/tr\/?p=26128","title":{"rendered":"T\u00fcrkiye ve Katar Ter\u00f6r \u00d6rg\u00fctlere Deste\u011fini S\u00fcrd\u00fcr\u00fcyor"},"content":{"rendered":"<p>TRABLUS \u2013 Libya ordusu genel komutan\u0131 Orgeneral Halife Haftar Katar ve T\u00fcrkiye&#8217;deki rejimin Libya&#8217;da ordu ve halk\u0131 hedef alan radikal ter\u00f6r \u00f6rg\u00fctlere desteklerini s\u00fcrd\u00fcrd\u00fcklerini belirtti.<\/p>\n<p>Libya televizyonu ile m\u00fclakat\u0131nda Orgeneral Haftar Katar \u015feyhli\u011fi ve T\u00fcrkiye&#8217;deki rejimin Libya\u2019da vah\u015fet dolu ter\u00f6r eylemleri d\u00fczenleyen \u00f6rg\u00fctlere mali, maddi, askeri ve lojistik her t\u00fcrl\u00fc desteklerini s\u00fcrd\u00fcrd\u00fcklerini vurgulad\u0131.<\/p>\n<p>T\u00fcrkiye ve Katar\u2019\u0131n bu desteklerini kesmeleri i\u00e7in uluslar aras\u0131 platformlarda \u00e7aba harcayacaklar\u0131n\u0131 ifade eden Orgeneral Haftar; bir k\u0131s\u0131m devletlerden Libya konusunda \u00fcstlerine d\u00fc\u015fen sorumlulu\u011fu \u00fcstlenmelerini umut ettiklerini ifade etti.<\/p>\n<p>Libya ordusunun silahland\u0131r\u0131lmas\u0131n\u0131 \u00f6nleyen yapt\u0131r\u0131mlar konusunda ise Haftar; kimi devletlerin ter\u00f6r \u00f6rg\u00fctlere gayr\u0131 me\u015fru yollarla silah satmay\u0131 tercih ettiklerini s\u00f6yledi.<\/p>\n<p>\u00d6te yandan Haftar Bingazi Kentinin ter\u00f6r \u00e7etelerinden temizlenmesinin yak\u0131n oldu\u011funu s\u00f6yledi.<\/p>\n<p>A.A. &#8211; R.H.<\/p>\n","protected":false},"excerpt":{"rendered":"<p>TRABLUS \u2013 Libya ordusu genel komutan\u0131 Orgeneral Halife Haftar Katar ve T\u00fcrkiye&#8217;deki rejimin Libya&#8217;da ordu ve halk\u0131 hedef alan radikal ter\u00f6r \u00f6rg\u00fctlere desteklerini s\u00fcrd\u00fcrd\u00fcklerini belirtti. Libya televizyonu ile m\u00fclakat\u0131nda Orgeneral Haftar Katar \u015feyhli\u011fi ve T\u00fcrkiye&#8217;deki rejimin Libya\u2019da vah\u015fet dolu ter\u00f6r eylemleri d\u00fczenleyen \u00f6rg\u00fctlere mali, maddi, askeri ve lojistik her t\u00fcrl\u00fc desteklerini s\u00fcrd\u00fcrd\u00fcklerini vurgulad\u0131. T\u00fcrkiye ve &hellip;<\/p>\n","protected":false},"author":1,"featured_media":26129,"comment_status":"closed","ping_status":"closed","sticky":false,"template":"","format":"standard","meta":{"footnotes":""},"categories":[458,459,447,2554,2555],"tags":[12384],"class_list":["post-26128","post","type-post","status-publish","format-standard","has-post-thumbnail","","category-dunya1","category-haberler-arap-uluslararasi-politika","category-politika","category-suriye-ve-dunya","category-suriye-ve-turkiye","tag-turkiye-ve-katar-teror-orgutlere-destegini-surduruyor-trablus-libya-ordusu-genel-komutani-orgeneral-halife-haftar-katar-ve-turkiyedeki-rejimin-libyada-ordu-ve-halki-hedef-alan-radikal-tero"],"_links":{"self":[{"href":"https:\/\/archive.sana.sy\/tr\/index.php?rest_route=\/wp\/v2\/posts\/26128","targetHints":{"allow":["GET"]}}],"collection":[{"href":"https:\/\/archive.sana.sy\/tr\/index.php?rest_route=\/wp\/v2\/posts"}],"about":[{"href":"https:\/\/archive.sana.sy\/tr\/index.php?rest_route=\/wp\/v2\/types\/post"}],"author":[{"embeddable":true,"href":"https:\/\/archive.sana.sy\/tr\/index.php?rest_route=\/wp\/v2\/users\/1"}],"replies":[{"embeddable":true,"href":"https:\/\/archive.sana.sy\/tr\/index.php?rest_route=%2Fwp%2Fv2%2Fcomments&post=26128"}],"version-history":[{"count":0,"href":"https:\/\/archive.sana.sy\/tr\/index.php?rest_route=\/wp\/v2\/posts\/26128\/revisions"}],"wp:featuredmedia":[{"embeddable":true,"href":"https:\/\/archive.sana.sy\/tr\/index.php?rest_route=\/wp\/v2\/media\/26129"}],"wp:attachment":[{"href":"https:\/\/archive.sana.sy\/tr\/index.php?rest_route=%2Fwp%2Fv2%2Fmedia&parent=26128"}],"wp:term":[{"taxonomy":"category","embeddable":true,"href":"https:\/\/archive.sana.sy\/tr\/index.php?rest_route=%2Fwp%2Fv2%2Fcategories&post=26128"},{"taxonomy":"post_tag","embeddable":true,"href":"https:\/\/archive.sana.sy\/tr\/index.php?rest_route=%2Fwp%2Fv2%2Ftags&post=26128"}],"curies":[{"name":"wp","href":"https:\/\/api.w.org\/{rel}","templated":true}]}}