{"id":261285,"date":"2022-08-26T20:16:44","date_gmt":"2022-08-26T17:16:44","guid":{"rendered":"http:\/\/107.6.182.27\/tr\/?p=261285"},"modified":"2022-08-28T08:27:38","modified_gmt":"2022-08-28T05:27:38","slug":"lazkiye-kirsalindaki-rastan-elektrik-santraline-son-ana-ekipman-sevkiyati-ulasti","status":"publish","type":"post","link":"https:\/\/archive.sana.sy\/tr\/?p=261285","title":{"rendered":"Lazkiye k\u0131rsal\u0131ndaki Rastan Elektrik Santraline Son Ana Ekipman Sevkiyat\u0131 Ula\u015ft\u0131"},"content":{"rendered":"<p>\u015eAM \u2013 Son b\u00fcy\u00fck ekipman ve malzeme sevkiyat\u0131 Lazkiye k\u0131rsal\u0131ndaki Rastan enerji santraline ula\u015ft\u0131.<\/p>\n<p><img loading=\"lazy\" decoding=\"async\" class=\"size-medium wp-image-261287 alignright\" src=\"http:\/\/107.6.182.27\/tr\/wp-content\/uploads\/2022\/08\/7-4-300x225.jpg\" alt=\"\" width=\"300\" height=\"225\" srcset=\"https:\/\/archive.sana.sy\/tr\/wp-content\/uploads\/2022\/08\/7-4-300x225.jpg 300w, https:\/\/archive.sana.sy\/tr\/wp-content\/uploads\/2022\/08\/7-4-150x113.jpg 150w, https:\/\/archive.sana.sy\/tr\/wp-content\/uploads\/2022\/08\/7-4.jpg 660w\" sizes=\"auto, (max-width: 300px) 100vw, 300px\" \/>Elektrik Bakan\u0131 M\u00fchendis \u011eassan El Zamil, istasyon projesinin uygulanmas\u0131ndan sorumlu ki\u015filerle bir araya geldi ve proje departmanlar\u0131ndaki \u00e7al\u0131\u015fmalar\u0131n ilerleyi\u015fi hakk\u0131nda bilgi ald\u0131.<\/p>\n<p>\u0130stasyon gezisi s\u0131ras\u0131nda, Elektrik Bakan\u0131, El Rastan&#8217;da ilk kez bir enerji nakil istasyonu (230-66-kV) kuran ulusal uzmanlar\u0131n \u00e7abalar\u0131n\u0131 \u00f6vd\u00fc.<\/p>\n<p>Tesisin uygulama tamamland\u0131ktan sonra toplam kapasitesinin 526 megawatt olmas\u0131 dikkat \u00e7ekicidir ve bu kapasite benzer bir kapasite ile b\u00fcy\u00fct\u00fclebilir ve toplam maliyeti 411 milyon Euro&#8217;dur.<\/p>\n<p><a class=\"qi72231t nu7423ey n3hqoq4p r86q59rh b3qcqh3k fq87ekyn bdao358l fsf7x5fv rse6dlih s5oniofx m8h3af8h l7ghb35v kjdc1dyq kmwttqpk srn514ro oxkhqvkx rl78xhln nch0832m cr00lzj9 rn8ck1ys s3jn8y49 icdlwmnq cxfqmxzd d1w2l3lo tes86rjd\" tabindex=\"0\" role=\"link\" href=\"https:\/\/www.facebook.com\/hashtag\/telegram_kanal%C4%B1m%C4%B1z?__eep__=6&amp;__cft__[0]=AZXNx4SnstyHeZxbXlkY06QIjGn9OnUUGRVwDc6O2HwvvUwLFJc8YpX7gEcD19cTL5b29GEmmI3xiW1vwPl7yqMpK9h9uAxt99H4SGN37f8JlPVVIBNZBG-2YHj_XRid3vk&amp;__tn__=*NK-R\">#Telegram_Kanal\u0131m\u0131z<\/a>:\u00a0<a class=\"qi72231t nu7423ey n3hqoq4p r86q59rh b3qcqh3k fq87ekyn bdao358l fsf7x5fv rse6dlih s5oniofx m8h3af8h l7ghb35v kjdc1dyq kmwttqpk srn514ro oxkhqvkx rl78xhln nch0832m cr00lzj9 rn8ck1ys s3jn8y49 icdlwmnq cxfqmxzd ezidihy3\" tabindex=\"0\" role=\"link\" href=\"https:\/\/t.me\/SuriyeArapHaberAjans?fbclid=IwAR0OmsbHtt0V-7z-rcrcTeHrJBRRowKQz0GNWCn9bYamchiNQb6-VOkHBSs\" target=\"_blank\" rel=\"nofollow noopener\">https:\/\/t.me\/SuriyeArapHaberAjans<\/a><\/p>\n<div id='gallery-1' class='gallery galleryid-261285 gallery-columns-2 gallery-size-full'><figure class='gallery-item'>\n\t\t\t<div class='gallery-icon landscape'>\n\t\t\t\t<a href='https:\/\/archive.sana.sy\/tr\/wp-content\/uploads\/2022\/08\/300772741_5869737669732413_5021555563991552818_n-300x225-1.jpg'><img loading=\"lazy\" decoding=\"async\" width=\"300\" height=\"225\" src=\"https:\/\/archive.sana.sy\/tr\/wp-content\/uploads\/2022\/08\/300772741_5869737669732413_5021555563991552818_n-300x225-1.jpg\" class=\"attachment-full size-full\" alt=\"\" srcset=\"https:\/\/archive.sana.sy\/tr\/wp-content\/uploads\/2022\/08\/300772741_5869737669732413_5021555563991552818_n-300x225-1.jpg 300w, https:\/\/archive.sana.sy\/tr\/wp-content\/uploads\/2022\/08\/300772741_5869737669732413_5021555563991552818_n-300x225-1-150x113.jpg 150w\" sizes=\"auto, (max-width: 300px) 100vw, 300px\" \/><\/a>\n\t\t\t<\/div><\/figure><figure class='gallery-item'>\n\t\t\t<div class='gallery-icon landscape'>\n\t\t\t\t<a href='https:\/\/archive.sana.sy\/tr\/wp-content\/uploads\/2022\/08\/300913399_5869737856399061_5311990428061087530_n-300x225-1.jpg'><img loading=\"lazy\" decoding=\"async\" width=\"300\" height=\"225\" src=\"https:\/\/archive.sana.sy\/tr\/wp-content\/uploads\/2022\/08\/300913399_5869737856399061_5311990428061087530_n-300x225-1.jpg\" class=\"attachment-full size-full\" alt=\"\" srcset=\"https:\/\/archive.sana.sy\/tr\/wp-content\/uploads\/2022\/08\/300913399_5869737856399061_5311990428061087530_n-300x225-1.jpg 300w, https:\/\/archive.sana.sy\/tr\/wp-content\/uploads\/2022\/08\/300913399_5869737856399061_5311990428061087530_n-300x225-1-150x113.jpg 150w\" sizes=\"auto, (max-width: 300px) 100vw, 300px\" \/><\/a>\n\t\t\t<\/div><\/figure>\n\t\t<\/div>\n\n","protected":false},"excerpt":{"rendered":"<p>\u015eAM \u2013 Son b\u00fcy\u00fck ekipman ve malzeme sevkiyat\u0131 Lazkiye k\u0131rsal\u0131ndaki Rastan enerji santraline ula\u015ft\u0131. Elektrik Bakan\u0131 M\u00fchendis \u011eassan El Zamil, istasyon projesinin uygulanmas\u0131ndan sorumlu ki\u015filerle bir araya geldi ve proje departmanlar\u0131ndaki \u00e7al\u0131\u015fmalar\u0131n ilerleyi\u015fi hakk\u0131nda bilgi ald\u0131. \u0130stasyon gezisi s\u0131ras\u0131nda, Elektrik Bakan\u0131, El Rastan&#8217;da ilk kez bir enerji nakil istasyonu (230-66-kV) kuran ulusal uzmanlar\u0131n \u00e7abalar\u0131n\u0131 \u00f6vd\u00fc. &hellip;<\/p>\n","protected":false},"author":36,"featured_media":261290,"comment_status":"closed","ping_status":"closed","sticky":false,"template":"","format":"standard","meta":{"footnotes":""},"categories":[479,17988,478],"tags":[],"class_list":["post-261285","post","type-post","status-publish","format-standard","has-post-thumbnail","","category-haberler-yerel","category-son-haberler","category-yerel"],"_links":{"self":[{"href":"https:\/\/archive.sana.sy\/tr\/index.php?rest_route=\/wp\/v2\/posts\/261285","targetHints":{"allow":["GET"]}}],"collection":[{"href":"https:\/\/archive.sana.sy\/tr\/index.php?rest_route=\/wp\/v2\/posts"}],"about":[{"href":"https:\/\/archive.sana.sy\/tr\/index.php?rest_route=\/wp\/v2\/types\/post"}],"author":[{"embeddable":true,"href":"https:\/\/archive.sana.sy\/tr\/index.php?rest_route=\/wp\/v2\/users\/36"}],"replies":[{"embeddable":true,"href":"https:\/\/archive.sana.sy\/tr\/index.php?rest_route=%2Fwp%2Fv2%2Fcomments&post=261285"}],"version-history":[{"count":0,"href":"https:\/\/archive.sana.sy\/tr\/index.php?rest_route=\/wp\/v2\/posts\/261285\/revisions"}],"wp:featuredmedia":[{"embeddable":true,"href":"https:\/\/archive.sana.sy\/tr\/index.php?rest_route=\/wp\/v2\/media\/261290"}],"wp:attachment":[{"href":"https:\/\/archive.sana.sy\/tr\/index.php?rest_route=%2Fwp%2Fv2%2Fmedia&parent=261285"}],"wp:term":[{"taxonomy":"category","embeddable":true,"href":"https:\/\/archive.sana.sy\/tr\/index.php?rest_route=%2Fwp%2Fv2%2Fcategories&post=261285"},{"taxonomy":"post_tag","embeddable":true,"href":"https:\/\/archive.sana.sy\/tr\/index.php?rest_route=%2Fwp%2Fv2%2Ftags&post=261285"}],"curies":[{"name":"wp","href":"https:\/\/api.w.org\/{rel}","templated":true}]}}