{"id":261295,"date":"2022-08-27T10:57:07","date_gmt":"2022-08-27T07:57:07","guid":{"rendered":"http:\/\/107.6.182.27\/tr\/?p=261295"},"modified":"2022-08-28T10:24:13","modified_gmt":"2022-08-28T07:24:13","slug":"lubnanli-sanatci-george-el-rassi-trafik-kazasinda-hayatini-kaybetti","status":"publish","type":"post","link":"https:\/\/archive.sana.sy\/tr\/?p=261295","title":{"rendered":"L\u00fcbnanl\u0131 Sanat\u00e7\u0131 George El Rassi Trafik Kazas\u0131nda Hayat\u0131n\u0131 Kaybetti"},"content":{"rendered":"<p>BEYRUT \u2013 L\u00fcbnanl\u0131 sanat\u00e7\u0131 George El Rassi, bu sabah L\u00fcbnan-Suriye s\u0131n\u0131r\u0131ndaki Masnaa b\u00f6lgesinde meydana gelen trafik kazas\u0131nda hayat\u0131n\u0131 kaybetti.<\/p>\n<p>L\u00fcbnanl\u0131 Sanat\u00e7\u0131lar Sendikas\u0131, sanat\u00e7\u0131 El Rassi&#8217;nin 39 ya\u015f\u0131nda \u00f6l\u00fcm\u00fcn\u00fcn yas\u0131n\u0131 tuttu.<\/p>\n<p>L\u00fcbnan Ulusal Haber Ajans\u0131, sanat\u00e7\u0131 El Rassi&#8217;nin, L\u00fcbnan ile Suriye s\u0131n\u0131rlar\u0131n\u0131 ay\u0131ran noktada Mesnaa b\u00f6lgesinde arabas\u0131n\u0131n bir orta bariyere \u00e7arpmas\u0131 sonucu kendisine e\u015flik eden bir kad\u0131nla birlikte \u00f6ld\u00fc\u011f\u00fcn\u00fc belirtti.<\/p>\n<p><a class=\"qi72231t nu7423ey n3hqoq4p r86q59rh b3qcqh3k fq87ekyn bdao358l fsf7x5fv rse6dlih s5oniofx m8h3af8h l7ghb35v kjdc1dyq kmwttqpk srn514ro oxkhqvkx rl78xhln nch0832m cr00lzj9 rn8ck1ys s3jn8y49 icdlwmnq cxfqmxzd d1w2l3lo tes86rjd\" tabindex=\"0\" role=\"link\" href=\"https:\/\/www.facebook.com\/hashtag\/telegram_kanal%C4%B1m%C4%B1z?__eep__=6&amp;__cft__[0]=AZXNx4SnstyHeZxbXlkY06QIjGn9OnUUGRVwDc6O2HwvvUwLFJc8YpX7gEcD19cTL5b29GEmmI3xiW1vwPl7yqMpK9h9uAxt99H4SGN37f8JlPVVIBNZBG-2YHj_XRid3vk&amp;__tn__=*NK-R\">#Telegram_Kanal\u0131m\u0131z<\/a>:\u00a0<a class=\"qi72231t nu7423ey n3hqoq4p r86q59rh b3qcqh3k fq87ekyn bdao358l fsf7x5fv rse6dlih s5oniofx m8h3af8h l7ghb35v kjdc1dyq kmwttqpk srn514ro oxkhqvkx rl78xhln nch0832m cr00lzj9 rn8ck1ys s3jn8y49 icdlwmnq cxfqmxzd ezidihy3\" tabindex=\"0\" role=\"link\" href=\"https:\/\/t.me\/SuriyeArapHaberAjans?fbclid=IwAR0OmsbHtt0V-7z-rcrcTeHrJBRRowKQz0GNWCn9bYamchiNQb6-VOkHBSs\" target=\"_blank\" rel=\"nofollow noopener\">https:\/\/t.me\/SuriyeArapHaberAjans<\/a><\/p>\n","protected":false},"excerpt":{"rendered":"<p>BEYRUT \u2013 L\u00fcbnanl\u0131 sanat\u00e7\u0131 George El Rassi, bu sabah L\u00fcbnan-Suriye s\u0131n\u0131r\u0131ndaki Masnaa b\u00f6lgesinde meydana gelen trafik kazas\u0131nda hayat\u0131n\u0131 kaybetti. L\u00fcbnanl\u0131 Sanat\u00e7\u0131lar Sendikas\u0131, sanat\u00e7\u0131 El Rassi&#8217;nin 39 ya\u015f\u0131nda \u00f6l\u00fcm\u00fcn\u00fcn yas\u0131n\u0131 tuttu. L\u00fcbnan Ulusal Haber Ajans\u0131, sanat\u00e7\u0131 El Rassi&#8217;nin, L\u00fcbnan ile Suriye s\u0131n\u0131rlar\u0131n\u0131 ay\u0131ran noktada Mesnaa b\u00f6lgesinde arabas\u0131n\u0131n bir orta bariyere \u00e7arpmas\u0131 sonucu kendisine e\u015flik eden bir &hellip;<\/p>\n","protected":false},"author":36,"featured_media":261296,"comment_status":"closed","ping_status":"closed","sticky":false,"template":"","format":"standard","meta":{"footnotes":""},"categories":[458,516,459,511,17988],"tags":[],"class_list":["post-261295","post","type-post","status-publish","format-standard","has-post-thumbnail","","category-dunya1","category-haberler-kultur-ve-sanat","category-haberler-arap-uluslararasi-politika","category-kultur-ve-sanat","category-son-haberler"],"_links":{"self":[{"href":"https:\/\/archive.sana.sy\/tr\/index.php?rest_route=\/wp\/v2\/posts\/261295","targetHints":{"allow":["GET"]}}],"collection":[{"href":"https:\/\/archive.sana.sy\/tr\/index.php?rest_route=\/wp\/v2\/posts"}],"about":[{"href":"https:\/\/archive.sana.sy\/tr\/index.php?rest_route=\/wp\/v2\/types\/post"}],"author":[{"embeddable":true,"href":"https:\/\/archive.sana.sy\/tr\/index.php?rest_route=\/wp\/v2\/users\/36"}],"replies":[{"embeddable":true,"href":"https:\/\/archive.sana.sy\/tr\/index.php?rest_route=%2Fwp%2Fv2%2Fcomments&post=261295"}],"version-history":[{"count":0,"href":"https:\/\/archive.sana.sy\/tr\/index.php?rest_route=\/wp\/v2\/posts\/261295\/revisions"}],"wp:featuredmedia":[{"embeddable":true,"href":"https:\/\/archive.sana.sy\/tr\/index.php?rest_route=\/wp\/v2\/media\/261296"}],"wp:attachment":[{"href":"https:\/\/archive.sana.sy\/tr\/index.php?rest_route=%2Fwp%2Fv2%2Fmedia&parent=261295"}],"wp:term":[{"taxonomy":"category","embeddable":true,"href":"https:\/\/archive.sana.sy\/tr\/index.php?rest_route=%2Fwp%2Fv2%2Fcategories&post=261295"},{"taxonomy":"post_tag","embeddable":true,"href":"https:\/\/archive.sana.sy\/tr\/index.php?rest_route=%2Fwp%2Fv2%2Ftags&post=261295"}],"curies":[{"name":"wp","href":"https:\/\/api.w.org\/{rel}","templated":true}]}}