{"id":261312,"date":"2022-08-27T19:59:48","date_gmt":"2022-08-27T16:59:48","guid":{"rendered":"http:\/\/107.6.182.27\/tr\/?p=261312"},"modified":"2022-08-28T08:30:58","modified_gmt":"2022-08-28T05:30:58","slug":"sana-katilimiyla-uluslararasi-medya-organlari-shaanxide-gelismis-cin-fanrikalarindan-birinde-tur","status":"publish","type":"post","link":"https:\/\/archive.sana.sy\/tr\/?p=261312","title":{"rendered":"SANA Kat\u0131l\u0131m\u0131yla Uluslararas\u0131 Medya Organlar\u0131 Shaanxi&#8217;de Geli\u015fmi\u015f \u00c7in Fanrikalar\u0131ndan Birinde Tur"},"content":{"rendered":"<p>PEK\u0130N &#8211; \u00c7in&#8217;in Shaanxi eyaletinin (Dakka, \u00c7in) ba\u015fl\u0131\u011f\u0131 alt\u0131nda d\u00fczenledi\u011fi k\u00fclt\u00fcr turizmi etkinli\u011finin faaliyetleri, \u00c7in k\u00fclt\u00fcr\u00fcn\u00fc d\u00fcnya halklar\u0131 aras\u0131nda yayg\u0131nla\u015ft\u0131rma ve derinle\u015ftirmeye y\u00f6nelik medya plan\u0131n\u0131n bir par\u00e7as\u0131 olarak eyaletin b\u00f6lgelerini tan\u0131tmaya devam etti.<\/p>\n<p>SANA, kentin geli\u015fmi\u015f end\u00fcstrilerini tan\u0131tma kapsam\u0131nda, etkinli\u011fe kat\u0131lan uluslararas\u0131 medyan\u0131n e\u015flik etti\u011fi Yanshen \u015fehrinde elektrik enerjisiyle \u00e7al\u0131\u015fan &#8220;D\u0130ON&#8221; fabrikas\u0131n\u0131 ziyaret ederek, \u00fcretimde neredeyse tamamen otomatik robotlara, uluslararas\u0131 kalite standartlar\u0131na dayal\u0131 olan ileri \u00e7al\u0131\u015fma mekanizmas\u0131 hakk\u0131nda bilgi ald\u0131.<\/p>\n<p>Dion, elektrikli otomobiller ve kamyonlar i\u00e7in 100&#8217;den fazla patente sahiptir.<\/p>\n<p>Fabrika y\u00f6netimi tur s\u0131ras\u0131nda, laboratuvar y\u00f6netimi, \u00e7al\u0131\u015fma alan\u0131nda Suriye ile i\u015fbirli\u011fi yapma ve uzmanl\u0131k sa\u011flama arzusunu dile getirdi.<\/p>\n<p><a class=\"qi72231t nu7423ey n3hqoq4p r86q59rh b3qcqh3k fq87ekyn bdao358l fsf7x5fv rse6dlih s5oniofx m8h3af8h l7ghb35v kjdc1dyq kmwttqpk srn514ro oxkhqvkx rl78xhln nch0832m cr00lzj9 rn8ck1ys s3jn8y49 icdlwmnq cxfqmxzd d1w2l3lo tes86rjd\" tabindex=\"0\" role=\"link\" href=\"https:\/\/www.facebook.com\/hashtag\/telegram_kanal%C4%B1m%C4%B1z?__eep__=6&amp;__cft__[0]=AZWoWHYALHUpMaA-IYxpTY-8iwmxjYkBmwy0W9LGv-KKNAVJEq2tTxvUxZ9aJveOsavG9GYFKdqQsilXIOyq7dT0xP36jUssl4Os6R5id1t6ny2SeqeM7yfkuklvfs9dDgIH1MPppxpZRrvi2uGYDuaIVCvC147nddmbh4H9MM9Hcw&amp;__tn__=*NK-R\">#Telegram_Kanal\u0131m\u0131z<\/a>: <a class=\"qi72231t nu7423ey n3hqoq4p r86q59rh b3qcqh3k fq87ekyn bdao358l fsf7x5fv rse6dlih s5oniofx m8h3af8h l7ghb35v kjdc1dyq kmwttqpk srn514ro oxkhqvkx rl78xhln nch0832m cr00lzj9 rn8ck1ys s3jn8y49 icdlwmnq cxfqmxzd ezidihy3\" tabindex=\"0\" role=\"link\" href=\"https:\/\/t.me\/SuriyeArapHaberAjans?fbclid=IwAR2MfhY_dvzG6nvfulBkknRIOEZpCFmG9QEmaGju4W8gTfVVIAwqsvSM1is\" target=\"_blank\" rel=\"nofollow noopener\">https:\/\/t.me\/SuriyeArapHaberAjans<\/a><\/p>\n","protected":false},"excerpt":{"rendered":"<p>PEK\u0130N &#8211; \u00c7in&#8217;in Shaanxi eyaletinin (Dakka, \u00c7in) ba\u015fl\u0131\u011f\u0131 alt\u0131nda d\u00fczenledi\u011fi k\u00fclt\u00fcr turizmi etkinli\u011finin faaliyetleri, \u00c7in k\u00fclt\u00fcr\u00fcn\u00fc d\u00fcnya halklar\u0131 aras\u0131nda yayg\u0131nla\u015ft\u0131rma ve derinle\u015ftirmeye y\u00f6nelik medya plan\u0131n\u0131n bir par\u00e7as\u0131 olarak eyaletin b\u00f6lgelerini tan\u0131tmaya devam etti. SANA, kentin geli\u015fmi\u015f end\u00fcstrilerini tan\u0131tma kapsam\u0131nda, etkinli\u011fe kat\u0131lan uluslararas\u0131 medyan\u0131n e\u015flik etti\u011fi Yanshen \u015fehrinde elektrik enerjisiyle \u00e7al\u0131\u015fan &#8220;D\u0130ON&#8221; fabrikas\u0131n\u0131 ziyaret ederek, \u00fcretimde &hellip;<\/p>\n","protected":false},"author":1,"featured_media":261313,"comment_status":"closed","ping_status":"closed","sticky":false,"template":"","format":"standard","meta":{"footnotes":""},"categories":[458,459,17988],"tags":[],"class_list":["post-261312","post","type-post","status-publish","format-standard","has-post-thumbnail","","category-dunya1","category-haberler-arap-uluslararasi-politika","category-son-haberler"],"_links":{"self":[{"href":"https:\/\/archive.sana.sy\/tr\/index.php?rest_route=\/wp\/v2\/posts\/261312","targetHints":{"allow":["GET"]}}],"collection":[{"href":"https:\/\/archive.sana.sy\/tr\/index.php?rest_route=\/wp\/v2\/posts"}],"about":[{"href":"https:\/\/archive.sana.sy\/tr\/index.php?rest_route=\/wp\/v2\/types\/post"}],"author":[{"embeddable":true,"href":"https:\/\/archive.sana.sy\/tr\/index.php?rest_route=\/wp\/v2\/users\/1"}],"replies":[{"embeddable":true,"href":"https:\/\/archive.sana.sy\/tr\/index.php?rest_route=%2Fwp%2Fv2%2Fcomments&post=261312"}],"version-history":[{"count":0,"href":"https:\/\/archive.sana.sy\/tr\/index.php?rest_route=\/wp\/v2\/posts\/261312\/revisions"}],"wp:featuredmedia":[{"embeddable":true,"href":"https:\/\/archive.sana.sy\/tr\/index.php?rest_route=\/wp\/v2\/media\/261313"}],"wp:attachment":[{"href":"https:\/\/archive.sana.sy\/tr\/index.php?rest_route=%2Fwp%2Fv2%2Fmedia&parent=261312"}],"wp:term":[{"taxonomy":"category","embeddable":true,"href":"https:\/\/archive.sana.sy\/tr\/index.php?rest_route=%2Fwp%2Fv2%2Fcategories&post=261312"},{"taxonomy":"post_tag","embeddable":true,"href":"https:\/\/archive.sana.sy\/tr\/index.php?rest_route=%2Fwp%2Fv2%2Ftags&post=261312"}],"curies":[{"name":"wp","href":"https:\/\/api.w.org\/{rel}","templated":true}]}}