{"id":261315,"date":"2022-08-27T20:34:20","date_gmt":"2022-08-27T17:34:20","guid":{"rendered":"http:\/\/107.6.182.27\/tr\/?p=261315"},"modified":"2022-08-28T08:32:23","modified_gmt":"2022-08-28T05:32:23","slug":"suriye-bm-ve-gkni-israilin-suriyeye-yonelik-saldirilarini-acik-sekilde-kinama-cagrisinda-bulundu","status":"publish","type":"post","link":"https:\/\/archive.sana.sy\/tr\/?p=261315","title":{"rendered":"Suriye, BM Ve GK&#8217;ni \u0130srail&#8217;in Suriye&#8217;ye Y\u00f6nelik Sald\u0131r\u0131lar\u0131n\u0131 A\u00e7\u0131k \u015eekilde K\u0131nama \u00c7a\u011fr\u0131s\u0131nda Bulundu"},"content":{"rendered":"<p style=\"text-align: justify;\">\u015eAM &#8211; Suriye, Birle\u015fmi\u015f Milletler ve G\u00fcvenlik Konseyi&#8217;ni, \u0130srail&#8217;in kendi topraklar\u0131na y\u00f6nelik sald\u0131r\u0131lar\u0131n\u0131, Birle\u015fmi\u015f Milletler \u00fcye bir devletinin egemenli\u011finin kas\u0131tl\u0131 ihlali olarak a\u00e7\u0131k ve net bir \u015fekilde k\u0131namaya \u00e7a\u011f\u0131rarak, uluslararas\u0131 hukuk ve BM Misak\u0131 taraf\u0131ndan onaylanan uygun yollarla yan\u0131t verme hakk\u0131n\u0131 sakl\u0131 tuttu\u011funu vurgulad\u0131.<\/p>\n<p style=\"text-align: justify;\">D\u0131\u015fi\u015fleri ve Gurbet\u00e7iler Bakanl\u0131\u011f\u0131, BM Genel Sekreteri ve GK Ba\u015fkan\u0131&#8217;na birer n\u00fcshas\u0131n\u0131n bug\u00fcn SANA&#8217;ya ula\u015ft\u0131\u011f\u0131 mektupta: \u0130srail&#8217;in bu tekrarlanan sald\u0131r\u0131lar\u0131 kar\u015f\u0131s\u0131nda uluslararas\u0131 hukuk ve Birle\u015fmi\u015f Milletler \u015eart\u0131 taraf\u0131ndan onaylanm\u0131\u015f uygun ara\u00e7larla, \u0130srail i\u015fgalinin sivil tesisleri hedef almaya, altyap\u0131y\u0131 sabote etmeye ve sivillerin hayat\u0131n\u0131 tehlikeye atmaya dayal\u0131 t\u0131rmand\u0131rma politikas\u0131yla bug\u00fcn her zamankinden daha fazla tehlikeli bir sald\u0131rganl\u0131\u011f\u0131 benimsemeye kararl\u0131 olmas\u0131 \u00e7ok ciddi ve tehlikelidir, dedi.<\/p>\n<p style=\"text-align: justify;\">Bakanl\u0131k: &#8220;bu ba\u011flamda \u00fclkem, \u0130srail i\u015fgal g\u00fc\u00e7lerinin son zamanlarda 10 Haziran 2022&#8217;de \u015eam Uluslararas\u0131 Havaliman\u0131&#8217;n\u0131 hedef ald\u0131\u011f\u0131 ve havaliman\u0131n\u0131n iki hafta boyunca tamamen hizmet d\u0131\u015f\u0131 kalmas\u0131na, 17 Aral\u0131k 2021&#8217;de Lazkiye ticari deniz liman\u0131n\u0131 hedef almas\u0131 ve i\u00e7indeki ticari, g\u0131da, t\u00fcketim ve t\u0131bbi mallarda a\u011f\u0131r hasar ve sabotajlar\u0131n yan\u0131 s\u0131ra m\u00fclkiyeti Sur\u015fye&#8217;deki BM Te\u015fkilat\u0131&#8217;na ait malzeme ve ekipmanlar\u0131n sabotaj ve imhas\u0131na yol a\u00e7an su\u00e7lar\u0131ndan baz\u0131lar\u0131n\u0131 yeniden hat\u0131rl\u0131r&#8221; dedi.<\/p>\n<p style=\"text-align: justify;\">Genel olarak uluslararas\u0131 durumun, \u00f6zelde Ortado\u011fu&#8217;nun, daha fazla t\u0131rman\u0131\u015fa ve gerginli\u011fe tahamm\u00fcl\u00fc olmayan k\u0131r\u0131lgan ve hassas bir a\u015famadan ge\u00e7ti\u011fine dikkati \u00e7eken Bakanl\u0131k, buna ra\u011fmen \u0130srail i\u015fgal otoritelerinin tehlikeli, b\u00f6lgesel ve uluslararas\u0131 bar\u0131\u015f ve g\u00fcvenli\u011fin kar\u015f\u0131 kar\u015f\u0131ya oldu\u011fu tehdit ve zorluklar\u0131n seviyesini art\u0131ran ve b\u00f6lgedeki gerilim, t\u0131rmanma ve kaos olas\u0131l\u0131klar\u0131na kap\u0131 aralayan basmakal\u0131p bir yakla\u015f\u0131m i\u00e7erisinde oldu\u011funa i\u015faret etti.<\/p>\n<p style=\"text-align: justify;\">Bakanl\u0131k, &#8220;Suriye Genel Sekreterli\u011fi ve G\u00fcvenlik Konseyi&#8217;ni, sald\u0131rganl\u0131\u011f\u0131 ve i\u015fgali reddeden ve ayr\u0131mc\u0131l\u0131k veya se\u00e7icilik olmaks\u0131z\u0131n t\u00fcm \u00fcye devletlerin egemenli\u011fine, ba\u011f\u0131ms\u0131zl\u0131\u011f\u0131na, g\u00fcvenli\u011fine ve birli\u011fine sayg\u0131 duyan ilkeleri do\u011frultusunda b\u00f6lgesel ve uluslararas\u0131 bar\u0131\u015f ve g\u00fcvenli\u011fe do\u011frudan tehdit eden bu \u0130srail sald\u0131r\u0131lar\u0131n\u0131 a\u00e7\u0131k ve net bir \u015fekilde k\u0131namaya ve bunlar\u0131 bir BM \u00fcye devletinin egemenli\u011finin kas\u0131tl\u0131 ve tekrarlanan bir ihlali olarak nitelendirmeye \u00e7a\u011f\u0131r\u0131yor&#8221; dedi.<\/p>\n<p style=\"text-align: justify;\">Ge\u00e7en Per\u015fembe ak\u015fam\u0131, Hama ve Tartus \u015fehirleri \u00e7evresindeki b\u00f6lgeler, Tartus ilinin g\u00fcneybat\u0131s\u0131nda, deniz y\u00f6n\u00fcnden vah\u015fi \u0130srail hava sald\u0131r\u0131s\u0131na maruz kalm\u0131\u015f, \u00e7ok say\u0131da sivilin yaralanmas\u0131na ve sald\u0131r\u0131 alan\u0131n\u0131 \u00e7evreleyen ormanlarda ve tar\u0131m alanlar\u0131nda b\u00fcy\u00fck \u00e7apl\u0131 yang\u0131nlar\u0131n \u00e7\u0131kmas\u0131 b\u00fcy\u00fck maddi kay\u0131plara neden olmu\u015ftur.<\/p>\n<p><a class=\"qi72231t nu7423ey n3hqoq4p r86q59rh b3qcqh3k fq87ekyn bdao358l fsf7x5fv rse6dlih s5oniofx m8h3af8h l7ghb35v kjdc1dyq kmwttqpk srn514ro oxkhqvkx rl78xhln nch0832m cr00lzj9 rn8ck1ys s3jn8y49 icdlwmnq cxfqmxzd d1w2l3lo tes86rjd\" tabindex=\"0\" role=\"link\" href=\"https:\/\/www.facebook.com\/hashtag\/telegram_kanal%C4%B1m%C4%B1z?__eep__=6&amp;__cft__[0]=AZWoWHYALHUpMaA-IYxpTY-8iwmxjYkBmwy0W9LGv-KKNAVJEq2tTxvUxZ9aJveOsavG9GYFKdqQsilXIOyq7dT0xP36jUssl4Os6R5id1t6ny2SeqeM7yfkuklvfs9dDgIH1MPppxpZRrvi2uGYDuaIVCvC147nddmbh4H9MM9Hcw&amp;__tn__=*NK-R\">#Telegram_Kanal\u0131m\u0131z<\/a>: <a class=\"qi72231t nu7423ey n3hqoq4p r86q59rh b3qcqh3k fq87ekyn bdao358l fsf7x5fv rse6dlih s5oniofx m8h3af8h l7ghb35v kjdc1dyq kmwttqpk srn514ro oxkhqvkx rl78xhln nch0832m cr00lzj9 rn8ck1ys s3jn8y49 icdlwmnq cxfqmxzd ezidihy3\" tabindex=\"0\" role=\"link\" href=\"https:\/\/t.me\/SuriyeArapHaberAjans?fbclid=IwAR2MfhY_dvzG6nvfulBkknRIOEZpCFmG9QEmaGju4W8gTfVVIAwqsvSM1is\" target=\"_blank\" rel=\"nofollow noopener\">https:\/\/t.me\/SuriyeArapHaberAjans<\/a><\/p>\n","protected":false},"excerpt":{"rendered":"<p>\u015eAM &#8211; Suriye, Birle\u015fmi\u015f Milletler ve G\u00fcvenlik Konseyi&#8217;ni, \u0130srail&#8217;in kendi topraklar\u0131na y\u00f6nelik sald\u0131r\u0131lar\u0131n\u0131, Birle\u015fmi\u015f Milletler \u00fcye bir devletinin egemenli\u011finin kas\u0131tl\u0131 ihlali olarak a\u00e7\u0131k ve net bir \u015fekilde k\u0131namaya \u00e7a\u011f\u0131rarak, uluslararas\u0131 hukuk ve BM Misak\u0131 taraf\u0131ndan onaylanan uygun yollarla yan\u0131t verme hakk\u0131n\u0131 sakl\u0131 tuttu\u011funu vurgulad\u0131. D\u0131\u015fi\u015fleri ve Gurbet\u00e7iler Bakanl\u0131\u011f\u0131, BM Genel Sekreteri ve GK Ba\u015fkan\u0131&#8217;na birer &hellip;<\/p>\n","protected":false},"author":1,"featured_media":261320,"comment_status":"closed","ping_status":"closed","sticky":false,"template":"","format":"standard","meta":{"footnotes":""},"categories":[479,17988,478],"tags":[],"class_list":["post-261315","post","type-post","status-publish","format-standard","has-post-thumbnail","","category-haberler-yerel","category-son-haberler","category-yerel"],"_links":{"self":[{"href":"https:\/\/archive.sana.sy\/tr\/index.php?rest_route=\/wp\/v2\/posts\/261315","targetHints":{"allow":["GET"]}}],"collection":[{"href":"https:\/\/archive.sana.sy\/tr\/index.php?rest_route=\/wp\/v2\/posts"}],"about":[{"href":"https:\/\/archive.sana.sy\/tr\/index.php?rest_route=\/wp\/v2\/types\/post"}],"author":[{"embeddable":true,"href":"https:\/\/archive.sana.sy\/tr\/index.php?rest_route=\/wp\/v2\/users\/1"}],"replies":[{"embeddable":true,"href":"https:\/\/archive.sana.sy\/tr\/index.php?rest_route=%2Fwp%2Fv2%2Fcomments&post=261315"}],"version-history":[{"count":0,"href":"https:\/\/archive.sana.sy\/tr\/index.php?rest_route=\/wp\/v2\/posts\/261315\/revisions"}],"wp:featuredmedia":[{"embeddable":true,"href":"https:\/\/archive.sana.sy\/tr\/index.php?rest_route=\/wp\/v2\/media\/261320"}],"wp:attachment":[{"href":"https:\/\/archive.sana.sy\/tr\/index.php?rest_route=%2Fwp%2Fv2%2Fmedia&parent=261315"}],"wp:term":[{"taxonomy":"category","embeddable":true,"href":"https:\/\/archive.sana.sy\/tr\/index.php?rest_route=%2Fwp%2Fv2%2Fcategories&post=261315"},{"taxonomy":"post_tag","embeddable":true,"href":"https:\/\/archive.sana.sy\/tr\/index.php?rest_route=%2Fwp%2Fv2%2Ftags&post=261315"}],"curies":[{"name":"wp","href":"https:\/\/api.w.org\/{rel}","templated":true}]}}