{"id":261323,"date":"2022-08-27T21:32:52","date_gmt":"2022-08-27T18:32:52","guid":{"rendered":"http:\/\/107.6.182.27\/tr\/?p=261323"},"modified":"2022-08-28T08:32:03","modified_gmt":"2022-08-28T05:32:03","slug":"sabbag-nsyo-antlasmasinin-10-konferansi-belgesi-israilin-cephaneligini-gormezden-geldi","status":"publish","type":"post","link":"https:\/\/archive.sana.sy\/tr\/?p=261323","title":{"rendered":"Sabba\u011f: NSY\u00d6 Antla\u015fmas\u0131&#8217;n\u0131n 10. Konferans\u0131 Belgesi \u0130srail&#8217;in Cephaneli\u011fini G\u00f6rmezden Geldi"},"content":{"rendered":"<p style=\"text-align: justify;\">NEW YORK &#8211; Suriye, Kimyasal Silahlar\u0131n Yay\u0131lmas\u0131n\u0131 \u00d6nleme 2020&#8217;nin Orta Do\u011fu&#8217;ya ili\u015fkin 10. G\u00f6zden Ge\u00e7irme Konferans\u0131 Nihai Belgesi tasla\u011f\u0131nda belirtilenlerin zay\u0131f oldu\u011funu ve \u00f6zellikle \u0130srail&#8217;in anla\u015fmaya kat\u0131lmak ve t\u00fcm n\u00fckleer tesislerini Uluslararas\u0131 Atom Enerjisi Ajans\u0131&#8217;n\u0131n kapsaml\u0131 g\u00fcvenlik \u00f6nlemleri anla\u015fmas\u0131na tabi tutmay\u0131 i\u00e7ermedi\u011finden bir y\u00fck\u00fcml\u00fcl\u00fck i\u00e7ermedi\u011fi i\u00e7in b\u00f6lge \u00fclkelerinin endi\u015felerini kar\u015f\u0131lamad\u0131\u011f\u0131n\u0131 belirterek, 1995 Ortado\u011fu Karar\u0131&#8217;n\u0131n ama\u00e7 ve hedeflerine tam olarak ula\u015f\u0131l\u0131p uygulanana kadar y\u00fcr\u00fcrl\u00fckte kalaca\u011f\u0131n\u0131 vurgulad\u0131.<\/p>\n<p style=\"text-align: justify;\">Suriye&#8217;nin Birle\u015fmi\u015f Milletler Daimi Temsilcisi, Suriye Arap Cumhuriyeti heyeti ba\u015fkan\u0131 B\u00fcy\u00fckel\u00e7i Bessam Sabba\u011f, New York&#8217;taki Birle\u015fmi\u015f Milletler binas\u0131nda d\u00fczenlenen konferans\u0131n kapan\u0131\u015f oturumunda, Suriye&#8217;nin bu konferans\u0131n ba\u015far\u0131l\u0131 bir \u015fekilde sonu\u00e7lanmas\u0131n\u0131 umdu\u011funu, anla\u015fman\u0131n g\u00f6zden ge\u00e7irilmesi s\u00fcrecinde yeni bir sayfan\u0131n a\u00e7\u0131lmas\u0131 gerekti\u011fini, ancak Bat\u0131l\u0131 \u00fclkelerin siyasi bencillikleri sayesinde, jeopolitik \u00e7\u0131karlar\u0131n\u0131 anla\u015fma taraflar\u0131n\u0131n \u00e7\u0131karlar\u0131na tercih etmesi bu talihsiz sonuca yol a\u00e7t\u0131\u011f\u0131na dikkat \u00e7ekti.<\/p>\n<p style=\"text-align: justify;\">Sabba\u011f: &#8220;Bu konferans\u0131n \u00e7al\u0131\u015fmas\u0131 s\u0131ras\u0131nda, bu \u00fclkelerin bir taraf devlete haks\u0131z bir sald\u0131r\u0131 ba\u015flatmak ve anla\u015fman\u0131n a\u00e7\u0131k bir siyasile\u015fmesini yans\u0131tan anla\u015fman\u0131n \u00fc\u00e7 s\u00fctunuyla ilgili y\u00f6nleri se\u00e7ici bir \u015fekilde ele almak i\u00e7in bu platformdan yararlanma giri\u015fimlerine tan\u0131k olduk. Bu konferans\u0131n \u00e7al\u0131\u015fmalar\u0131 ve n\u00fckleer silahlar\u0131n yay\u0131lmas\u0131n\u0131 \u00f6nleme sistemini g\u00fc\u00e7lendirme \u00e7abalar\u0131n\u0131 b\u00fcy\u00fck \u00f6l\u00e7\u00fcde baltalad\u0131&#8221; dedi.<\/p>\n<p style=\"text-align: justify;\">Sabba: &#8220;Suriye heyeti, konferans\u0131n \u00e7al\u0131\u015fmas\u0131n\u0131n t\u00fcm a\u015famalar\u0131nda, taraf devletlerin t\u00fcm delegasyonlar\u0131yla \u00e7al\u0131\u015fmaya haz\u0131r oldu\u011funu ifade etmeye ve nihai belge tasla\u011f\u0131 \u00fczerinde uzla\u015fmaya kat\u0131lmak i\u00e7in gerekli esnekli\u011fi ve haz\u0131rl\u0131\u011f\u0131 g\u00f6stermeye istekliydi. Ancak Ba\u011flant\u0131s\u0131zlar Hareketi \u00fclkeleri taraf\u0131ndan temsil edilen S\u00f6zle\u015fmeye taraf olan b\u00fcy\u00fck bir \u00fclke grubu taraf\u0131ndan ifade edilen \u00f6nemli endi\u015felere yan\u0131t verememekten \u00fcz\u00fcnt\u00fc duydu&#8221; dedi.<\/p>\n<p style=\"text-align: justify;\">Sabba\u011f: Suriye heyeti, Ortado\u011fu&#8217;ya ili\u015fkin nihai belge tasla\u011f\u0131nda yer alan form\u00fclasyonlar\u0131n zay\u0131f oldu\u011funu ve \u00f6zellikle \u0130srail&#8217;in N\u00fckleer Silahlar\u0131n Yay\u0131lmas\u0131 ve t\u00fcm n\u00fckleer tesislerinin IAEA&#8217;n\u0131n kapsaml\u0131 g\u00fcvenlik \u00f6nlemleri anla\u015fmas\u0131na tabi tutulmas\u0131n\u0131 \u00f6ng\u00f6ren BM Antla\u015fmas\u0131&#8217;na kat\u0131lma zorunlulu\u011funu i\u00e7ermedi\u011fi i\u00e7in b\u00f6lge \u00fclkelerinin endi\u015felerini kar\u015f\u0131lamad\u0131\u011f\u0131n\u0131 d\u00fc\u015f\u00fcn\u00fcyor. Bu ba\u011flamda Suriye, 1995 Orta Do\u011fu karar\u0131n\u0131n ama\u00e7 ve hedefleri tam olarak ger\u00e7ekle\u015ftirilip uygulanana kadar y\u00fcr\u00fcrl\u00fckte kalaca\u011f\u0131n\u0131 teyit etmekte ve belgenin bu karar\u0131 uygulamak i\u00e7in somut pratik ad\u0131mlar i\u00e7ermesini ummakta oldu\u011funu&#8221; belirtti.<\/p>\n<p style=\"text-align: justify;\">Sabba\u011f, Suriye heyetinin konferans s\u0131ras\u0131nda m\u00fczakere s\u00fcrecinin daha \u015feffaf bir \u015fekilde ger\u00e7ekle\u015fmesini ve m\u00fczakere s\u00fcrecinde olumsuz bir emsal olu\u015fturmamak i\u00e7in t\u00fcm ilgili \u00fclkeleri e\u015fit temelde i\u00e7ermesini umdu\u011funu belirtti.<\/p>\n<p style=\"text-align: justify;\">Sabba\u011f, Suriye&#8217;nin anla\u015fmaya taraf olan t\u00fcm devletlerin haklar\u0131na, \u00f6zellikle n\u00fckleer enerjinin bar\u0131\u015f\u00e7\u0131l kullan\u0131m\u0131na ili\u015fkin devredilemez haklar\u0131na dengeli bir \u015fekilde sayg\u0131 g\u00f6sterilmesi gerekti\u011fini vurgulad\u0131\u011f\u0131n\u0131 belirtti<\/p>\n<p style=\"text-align: justify;\">Sabba\u011f; Bu ba\u011flamda, baz\u0131 Bat\u0131l\u0131 \u00fclkelerin benim \u00fclkem de dahil olmak \u00fczere di\u011fer \u00fclkelere uygulad\u0131\u011f\u0131, antla\u015fma&#8217;n\u0131n 4. Maddesinin h\u00fck\u00fcmlerini ihlal eden ve bu \u00fclkelerin, \u00f6zellikle t\u0131bbi ve insani alanlarda n\u00fckleer enerjinin bar\u0131\u015f\u00e7\u0131l kullan\u0131mlar\u0131na eri\u015fim haklar\u0131n\u0131 baltalayan, yasa d\u0131\u015f\u0131 tek tarafl\u0131 zorlay\u0131c\u0131 \u00f6nlemler konusunda net bir tav\u0131r almak i\u00e7in bu konferans\u0131 d\u00f6rt g\u00f6zle bekliyordu.<\/p>\n<p style=\"text-align: justify;\">Sabba\u011f: &#8220;Taraf devletlerin bug\u00fcn kar\u015f\u0131 kar\u015f\u0131ya kald\u0131klar\u0131 bu ba\u015far\u0131s\u0131zl\u0131k, onlar\u0131n h\u00fcsrana u\u011framalar\u0131n\u0131n bir nedeni de\u011fil, daha \u00e7ok \u00f6n\u00fcm\u00fczdeki olaylarda kar\u015f\u0131la\u015facaklar\u0131m\u0131z\u0131n \u00f6n\u00fcn\u00fc a\u00e7mak i\u00e7in daha fazla \u00e7ok tarafl\u0131 \u00e7al\u0131\u015fma ve ciddi i\u015fbirli\u011fi yapmalar\u0131 i\u00e7in bir motivasyon olmal\u0131d\u0131r, \u015feffafl\u0131k ve kapsay\u0131c\u0131l\u0131\u011f\u0131n sa\u011flanmas\u0131, siyasalla\u015fma ve d\u0131\u015flanman\u0131n \u00f6nlenmesinde bu deneyimden yararlan\u0131lmas\u0131 ve antla\u015fman\u0131n \u00fc\u00e7 s\u00fctununu dengeli bir \u015fekilde ve se\u00e7icilik veya ayr\u0131mc\u0131l\u0131k olmaks\u0131z\u0131n uygulama taahh\u00fcd\u00fc i\u00e7erisinde olmas\u0131 gerekiyor&#8221; dedi.<\/p>\n<p><a class=\"qi72231t nu7423ey n3hqoq4p r86q59rh b3qcqh3k fq87ekyn bdao358l fsf7x5fv rse6dlih s5oniofx m8h3af8h l7ghb35v kjdc1dyq kmwttqpk srn514ro oxkhqvkx rl78xhln nch0832m cr00lzj9 rn8ck1ys s3jn8y49 icdlwmnq cxfqmxzd d1w2l3lo tes86rjd\" tabindex=\"0\" role=\"link\" href=\"https:\/\/www.facebook.com\/hashtag\/telegram_kanal%C4%B1m%C4%B1z?__eep__=6&amp;__cft__[0]=AZWoWHYALHUpMaA-IYxpTY-8iwmxjYkBmwy0W9LGv-KKNAVJEq2tTxvUxZ9aJveOsavG9GYFKdqQsilXIOyq7dT0xP36jUssl4Os6R5id1t6ny2SeqeM7yfkuklvfs9dDgIH1MPppxpZRrvi2uGYDuaIVCvC147nddmbh4H9MM9Hcw&amp;__tn__=*NK-R\">#Telegram_Kanal\u0131m\u0131z<\/a>: <a class=\"qi72231t nu7423ey n3hqoq4p r86q59rh b3qcqh3k fq87ekyn bdao358l fsf7x5fv rse6dlih s5oniofx m8h3af8h l7ghb35v kjdc1dyq kmwttqpk srn514ro oxkhqvkx rl78xhln nch0832m cr00lzj9 rn8ck1ys s3jn8y49 icdlwmnq cxfqmxzd ezidihy3\" tabindex=\"0\" role=\"link\" href=\"https:\/\/t.me\/SuriyeArapHaberAjans?fbclid=IwAR2MfhY_dvzG6nvfulBkknRIOEZpCFmG9QEmaGju4W8gTfVVIAwqsvSM1is\" target=\"_blank\" rel=\"nofollow noopener\">https:\/\/t.me\/SuriyeArapHaberAjans<\/a><\/p>\n","protected":false},"excerpt":{"rendered":"<p>NEW YORK &#8211; Suriye, Kimyasal Silahlar\u0131n Yay\u0131lmas\u0131n\u0131 \u00d6nleme 2020&#8217;nin Orta Do\u011fu&#8217;ya ili\u015fkin 10. G\u00f6zden Ge\u00e7irme Konferans\u0131 Nihai Belgesi tasla\u011f\u0131nda belirtilenlerin zay\u0131f oldu\u011funu ve \u00f6zellikle \u0130srail&#8217;in anla\u015fmaya kat\u0131lmak ve t\u00fcm n\u00fckleer tesislerini Uluslararas\u0131 Atom Enerjisi Ajans\u0131&#8217;n\u0131n kapsaml\u0131 g\u00fcvenlik \u00f6nlemleri anla\u015fmas\u0131na tabi tutmay\u0131 i\u00e7ermedi\u011finden bir y\u00fck\u00fcml\u00fcl\u00fck i\u00e7ermedi\u011fi i\u00e7in b\u00f6lge \u00fclkelerinin endi\u015felerini kar\u015f\u0131lamad\u0131\u011f\u0131n\u0131 belirterek, 1995 Ortado\u011fu Karar\u0131&#8217;n\u0131n ama\u00e7 &hellip;<\/p>\n","protected":false},"author":1,"featured_media":261324,"comment_status":"closed","ping_status":"closed","sticky":false,"template":"","format":"standard","meta":{"footnotes":""},"categories":[458,459,17988],"tags":[],"class_list":["post-261323","post","type-post","status-publish","format-standard","has-post-thumbnail","","category-dunya1","category-haberler-arap-uluslararasi-politika","category-son-haberler"],"_links":{"self":[{"href":"https:\/\/archive.sana.sy\/tr\/index.php?rest_route=\/wp\/v2\/posts\/261323","targetHints":{"allow":["GET"]}}],"collection":[{"href":"https:\/\/archive.sana.sy\/tr\/index.php?rest_route=\/wp\/v2\/posts"}],"about":[{"href":"https:\/\/archive.sana.sy\/tr\/index.php?rest_route=\/wp\/v2\/types\/post"}],"author":[{"embeddable":true,"href":"https:\/\/archive.sana.sy\/tr\/index.php?rest_route=\/wp\/v2\/users\/1"}],"replies":[{"embeddable":true,"href":"https:\/\/archive.sana.sy\/tr\/index.php?rest_route=%2Fwp%2Fv2%2Fcomments&post=261323"}],"version-history":[{"count":0,"href":"https:\/\/archive.sana.sy\/tr\/index.php?rest_route=\/wp\/v2\/posts\/261323\/revisions"}],"wp:featuredmedia":[{"embeddable":true,"href":"https:\/\/archive.sana.sy\/tr\/index.php?rest_route=\/wp\/v2\/media\/261324"}],"wp:attachment":[{"href":"https:\/\/archive.sana.sy\/tr\/index.php?rest_route=%2Fwp%2Fv2%2Fmedia&parent=261323"}],"wp:term":[{"taxonomy":"category","embeddable":true,"href":"https:\/\/archive.sana.sy\/tr\/index.php?rest_route=%2Fwp%2Fv2%2Fcategories&post=261323"},{"taxonomy":"post_tag","embeddable":true,"href":"https:\/\/archive.sana.sy\/tr\/index.php?rest_route=%2Fwp%2Fv2%2Ftags&post=261323"}],"curies":[{"name":"wp","href":"https:\/\/api.w.org\/{rel}","templated":true}]}}