{"id":261340,"date":"2022-08-28T09:19:02","date_gmt":"2022-08-28T06:19:02","guid":{"rendered":"http:\/\/107.6.182.27\/tr\/?p=261340"},"modified":"2022-08-29T09:30:56","modified_gmt":"2022-08-29T06:30:56","slug":"ceninde-israil-isgal-guclerinin-kursunlariyla-3-filistinli-yaralandi","status":"publish","type":"post","link":"https:\/\/archive.sana.sy\/tr\/?p=261340","title":{"rendered":"Cenin&#8217;de \u0130srail \u0130\u015fgal G\u00fc\u00e7lerinin Kur\u015funlar\u0131yla 3 Filistinli Yaraland\u0131"},"content":{"rendered":"<p>\u0130\u015eGAL ED\u0130LEN KUD\u00dcS \u2013 Bat\u0131 Yaka\u2019n\u0131n Cenin kentinde, \u0130srail i\u015fgal g\u00fc\u00e7lerinin kur\u015funlar\u0131yla 3 Filistinli yaraland\u0131.<\/p>\n<p>Filistinli MAAN Haber Ajans\u0131, i\u015fgal g\u00fc\u00e7lerinin Cenin kentinde birka\u00e7 mahalleyi ve kamp\u0131n\u0131 bas\u0131p Filistinlilere kur\u015funlarla sald\u0131rd\u0131\u011f\u0131n\u0131 ve 3 ki\u015fiyi yaralad\u0131\u011f\u0131n\u0131 belirtti.<\/p>\n<p><a class=\"qi72231t nu7423ey n3hqoq4p r86q59rh b3qcqh3k fq87ekyn bdao358l fsf7x5fv rse6dlih s5oniofx m8h3af8h l7ghb35v kjdc1dyq kmwttqpk srn514ro oxkhqvkx rl78xhln nch0832m cr00lzj9 rn8ck1ys s3jn8y49 icdlwmnq cxfqmxzd d1w2l3lo tes86rjd\" tabindex=\"0\" role=\"link\" href=\"https:\/\/www.facebook.com\/hashtag\/telegram_kanal%C4%B1m%C4%B1z?__eep__=6&amp;__cft__[0]=AZXw44xEsZeCSQKiOEa_a5QMpgFb4ROwgedihcHFwCVIbjxbHx7m3NevovsLNYfwA-MvkxgeJ8DpORWZT7bUQzusmCgvPhhHYpRZm10H9e6eqEqIO_SBp2nAHVHHYLZRKYE&amp;__tn__=*NK-R\">#Telegram_Kanal\u0131m\u0131z<\/a>: <a class=\"qi72231t nu7423ey n3hqoq4p r86q59rh b3qcqh3k fq87ekyn bdao358l fsf7x5fv rse6dlih s5oniofx m8h3af8h l7ghb35v kjdc1dyq kmwttqpk srn514ro oxkhqvkx rl78xhln nch0832m cr00lzj9 rn8ck1ys s3jn8y49 icdlwmnq cxfqmxzd ezidihy3\" tabindex=\"0\" role=\"link\" href=\"https:\/\/t.me\/SuriyeArapHaberAjans?fbclid=IwAR25mKRg5Hthv4Po-zMqGOSoCBESH8ieH-cGwtZgxeFIpPR0o2Mn5kfJNcY\" target=\"_blank\" rel=\"nofollow noopener\">https:\/\/t.me\/SuriyeArapHaberAjans<\/a><\/p>\n","protected":false},"excerpt":{"rendered":"<p>\u0130\u015eGAL ED\u0130LEN KUD\u00dcS \u2013 Bat\u0131 Yaka\u2019n\u0131n Cenin kentinde, \u0130srail i\u015fgal g\u00fc\u00e7lerinin kur\u015funlar\u0131yla 3 Filistinli yaraland\u0131. Filistinli MAAN Haber Ajans\u0131, i\u015fgal g\u00fc\u00e7lerinin Cenin kentinde birka\u00e7 mahalleyi ve kamp\u0131n\u0131 bas\u0131p Filistinlilere kur\u015funlarla sald\u0131rd\u0131\u011f\u0131n\u0131 ve 3 ki\u015fiyi yaralad\u0131\u011f\u0131n\u0131 belirtti. #Telegram_Kanal\u0131m\u0131z: https:\/\/t.me\/SuriyeArapHaberAjans<\/p>\n","protected":false},"author":39,"featured_media":261341,"comment_status":"closed","ping_status":"closed","sticky":false,"template":"","format":"standard","meta":{"footnotes":""},"categories":[458,459,17988],"tags":[],"class_list":["post-261340","post","type-post","status-publish","format-standard","has-post-thumbnail","","category-dunya1","category-haberler-arap-uluslararasi-politika","category-son-haberler"],"_links":{"self":[{"href":"https:\/\/archive.sana.sy\/tr\/index.php?rest_route=\/wp\/v2\/posts\/261340","targetHints":{"allow":["GET"]}}],"collection":[{"href":"https:\/\/archive.sana.sy\/tr\/index.php?rest_route=\/wp\/v2\/posts"}],"about":[{"href":"https:\/\/archive.sana.sy\/tr\/index.php?rest_route=\/wp\/v2\/types\/post"}],"author":[{"embeddable":true,"href":"https:\/\/archive.sana.sy\/tr\/index.php?rest_route=\/wp\/v2\/users\/39"}],"replies":[{"embeddable":true,"href":"https:\/\/archive.sana.sy\/tr\/index.php?rest_route=%2Fwp%2Fv2%2Fcomments&post=261340"}],"version-history":[{"count":0,"href":"https:\/\/archive.sana.sy\/tr\/index.php?rest_route=\/wp\/v2\/posts\/261340\/revisions"}],"wp:featuredmedia":[{"embeddable":true,"href":"https:\/\/archive.sana.sy\/tr\/index.php?rest_route=\/wp\/v2\/media\/261341"}],"wp:attachment":[{"href":"https:\/\/archive.sana.sy\/tr\/index.php?rest_route=%2Fwp%2Fv2%2Fmedia&parent=261340"}],"wp:term":[{"taxonomy":"category","embeddable":true,"href":"https:\/\/archive.sana.sy\/tr\/index.php?rest_route=%2Fwp%2Fv2%2Fcategories&post=261340"},{"taxonomy":"post_tag","embeddable":true,"href":"https:\/\/archive.sana.sy\/tr\/index.php?rest_route=%2Fwp%2Fv2%2Ftags&post=261340"}],"curies":[{"name":"wp","href":"https:\/\/api.w.org\/{rel}","templated":true}]}}