{"id":261346,"date":"2022-08-27T23:30:28","date_gmt":"2022-08-27T20:30:28","guid":{"rendered":"http:\/\/107.6.182.27\/tr\/?p=261346"},"modified":"2022-08-29T09:30:43","modified_gmt":"2022-08-29T06:30:43","slug":"suriye-genc-futbol-takimi-arap-kupasi-sampiyonasinda-suudi-arabistana-yenildi","status":"publish","type":"post","link":"https:\/\/archive.sana.sy\/tr\/?p=261346","title":{"rendered":"Suriye Gen\u00e7 Futbol Tak\u0131m\u0131 Arap Kupas\u0131 \u015eampiyonas\u0131nda Suudi Arabistan&#8217;a Yenildi"},"content":{"rendered":"<p>CEZAY\u0130R &#8211; Suriye gen\u00e7 futbol tak\u0131m\u0131, Cezayir&#8217;in Oran kentinde 4. Arap Kupas\u0131&#8217;ndaki ikinci ma\u00e7\u0131nda bug\u00fcn Suudi Arabistan&#8217;a 4-3 ma\u011flup oldu.<\/p>\n<p>Tak\u0131m\u0131m\u0131z\u0131n gollerini Kava \u0130sa 45. ve 49. dakikada iki, Enes Dahhan ise 67. Dakikada kaydetti.<\/p>\n<p>16 tak\u0131m\u0131n d\u00f6rt gruba ayr\u0131ld\u0131\u011f\u0131 turnuvada, tak\u0131m\u0131m\u0131z, M\u0131s\u0131r tak\u0131m\u0131n\u0131n da i\u00e7inde bulundu\u011fu d\u00f6rd\u00fcnc\u00fc grupta L\u00fcbnanl\u0131 rakibiyle berabere kalarak kat\u0131l\u0131m\u0131n\u0131 a\u00e7m\u0131\u015ft\u0131.<\/p>\n<p>Bir sonraki ma\u00e7\u0131nda tak\u0131m\u0131m\u0131z \u00f6n\u00fcm\u00fczdeki Sal\u0131 g\u00fcn\u00fc saat 22&#8217;de M\u0131s\u0131r ile kar\u015f\u0131la\u015facak.<\/p>\n<p>Tak\u0131m\u0131m\u0131z 2011 y\u0131l\u0131nda d\u00fczenlenen ilk turnuvada Suudi tak\u0131m\u0131n\u0131n ard\u0131ndan ikincili\u011fi, ikinci turnuvay\u0131 Tunus, \u00fc\u00e7\u00fcnc\u00fc turnuvay\u0131 Irak tak\u0131m\u0131 kazanm\u0131\u015ft\u0131.<\/p>\n","protected":false},"excerpt":{"rendered":"<p>CEZAY\u0130R &#8211; Suriye gen\u00e7 futbol tak\u0131m\u0131, Cezayir&#8217;in Oran kentinde 4. Arap Kupas\u0131&#8217;ndaki ikinci ma\u00e7\u0131nda bug\u00fcn Suudi Arabistan&#8217;a 4-3 ma\u011flup oldu. Tak\u0131m\u0131m\u0131z\u0131n gollerini Kava \u0130sa 45. ve 49. dakikada iki, Enes Dahhan ise 67. Dakikada kaydetti. 16 tak\u0131m\u0131n d\u00f6rt gruba ayr\u0131ld\u0131\u011f\u0131 turnuvada, tak\u0131m\u0131m\u0131z, M\u0131s\u0131r tak\u0131m\u0131n\u0131n da i\u00e7inde bulundu\u011fu d\u00f6rd\u00fcnc\u00fc grupta L\u00fcbnanl\u0131 rakibiyle berabere kalarak kat\u0131l\u0131m\u0131n\u0131 a\u00e7m\u0131\u015ft\u0131. &hellip;<\/p>\n","protected":false},"author":1,"featured_media":261347,"comment_status":"closed","ping_status":"closed","sticky":false,"template":"","format":"standard","meta":{"footnotes":""},"categories":[458,498,459,17988,496],"tags":[],"class_list":["post-261346","post","type-post","status-publish","format-standard","has-post-thumbnail","","category-dunya1","category-dunya-turnuvalari","category-haberler-arap-uluslararasi-politika","category-son-haberler","category-spor"],"_links":{"self":[{"href":"https:\/\/archive.sana.sy\/tr\/index.php?rest_route=\/wp\/v2\/posts\/261346","targetHints":{"allow":["GET"]}}],"collection":[{"href":"https:\/\/archive.sana.sy\/tr\/index.php?rest_route=\/wp\/v2\/posts"}],"about":[{"href":"https:\/\/archive.sana.sy\/tr\/index.php?rest_route=\/wp\/v2\/types\/post"}],"author":[{"embeddable":true,"href":"https:\/\/archive.sana.sy\/tr\/index.php?rest_route=\/wp\/v2\/users\/1"}],"replies":[{"embeddable":true,"href":"https:\/\/archive.sana.sy\/tr\/index.php?rest_route=%2Fwp%2Fv2%2Fcomments&post=261346"}],"version-history":[{"count":0,"href":"https:\/\/archive.sana.sy\/tr\/index.php?rest_route=\/wp\/v2\/posts\/261346\/revisions"}],"wp:featuredmedia":[{"embeddable":true,"href":"https:\/\/archive.sana.sy\/tr\/index.php?rest_route=\/wp\/v2\/media\/261347"}],"wp:attachment":[{"href":"https:\/\/archive.sana.sy\/tr\/index.php?rest_route=%2Fwp%2Fv2%2Fmedia&parent=261346"}],"wp:term":[{"taxonomy":"category","embeddable":true,"href":"https:\/\/archive.sana.sy\/tr\/index.php?rest_route=%2Fwp%2Fv2%2Fcategories&post=261346"},{"taxonomy":"post_tag","embeddable":true,"href":"https:\/\/archive.sana.sy\/tr\/index.php?rest_route=%2Fwp%2Fv2%2Ftags&post=261346"}],"curies":[{"name":"wp","href":"https:\/\/api.w.org\/{rel}","templated":true}]}}