{"id":261356,"date":"2022-08-29T09:25:12","date_gmt":"2022-08-29T06:25:12","guid":{"rendered":"http:\/\/107.6.182.27\/tr\/?p=261356"},"modified":"2022-08-30T08:16:05","modified_gmt":"2022-08-30T05:16:05","slug":"ceninde-israil-isgal-guclerinin-kursunlariyla-7-filistinli-yaralandi","status":"publish","type":"post","link":"https:\/\/archive.sana.sy\/tr\/?p=261356","title":{"rendered":"Cenin&#8217;de \u0130srail \u0130\u015fgal G\u00fc\u00e7lerinin Kur\u015funlar\u0131yla 7 Filistinli Yaraland\u0131"},"content":{"rendered":"<p>\u0130\u015eGAL ED\u0130LEN KUD\u00dcS \u2013 \u0130srail i\u015fgal g\u00fc\u00e7lerinin, Bat\u0131 Yaka&#8217;da Cenin&#8217;in g\u00fcneyindeki Kbatiye beldesine bask\u0131n d\u00fczenledi, 7 Filistinli yaraland\u0131.<\/p>\n<p>Filistinli WAFA Haber Ajans\u0131, \u0130srail i\u015fgal g\u00fc\u00e7lerinin,Kbetiye beldesi bas\u0131p ve Filistinlilere kur\u015funlarla sald\u0131rd\u0131\u011f\u0131n\u0131, 7&#8217;sinin yaraland\u0131\u011f\u0131n\u0131 belirtti.<\/p>\n<p><a class=\"qi72231t nu7423ey n3hqoq4p r86q59rh b3qcqh3k fq87ekyn bdao358l fsf7x5fv rse6dlih s5oniofx m8h3af8h l7ghb35v kjdc1dyq kmwttqpk srn514ro oxkhqvkx rl78xhln nch0832m cr00lzj9 rn8ck1ys s3jn8y49 icdlwmnq cxfqmxzd d1w2l3lo tes86rjd\" tabindex=\"0\" role=\"link\" href=\"https:\/\/www.facebook.com\/hashtag\/telegram_kanal%C4%B1m%C4%B1z?__eep__=6&amp;__cft__[0]=AZX91wSWlJUIla7N3IFzm_vERCTF7lUuOTsD6hXaIzvjRZV2fkFHovfdD1F46WH5z50YZ2AT4MVslwpbhvCuguJ6P7QB6I3YOMkynd7Ljfq_9mQpaJ39IHNluDLHfxXuK1Y&amp;__tn__=*NK-R\">#Telegram_Kanal\u0131m\u0131z<\/a>: <a class=\"qi72231t nu7423ey n3hqoq4p r86q59rh b3qcqh3k fq87ekyn bdao358l fsf7x5fv rse6dlih s5oniofx m8h3af8h l7ghb35v kjdc1dyq kmwttqpk srn514ro oxkhqvkx rl78xhln nch0832m cr00lzj9 rn8ck1ys s3jn8y49 icdlwmnq cxfqmxzd ezidihy3\" tabindex=\"0\" role=\"link\" href=\"https:\/\/l.facebook.com\/l.php?u=https%3A%2F%2Ft.me%2FSuriyeArapHaberAjans%3Ffbclid%3DIwAR1k1NztPtNYZpvu1i6dLKY2Yd0z0Ko08RXnZIWFn-rU1LT60E5sd3GnxC0&amp;h=AT1sOR0iPL6hGJTxrQEj2GQFwIT36IZK_3tgGgKfbnl1g8pcNFGULL3hc2zpglj44QXeOgUw5l6aafrK9b5RxrgzgkiCmyuuzrxnAuYRAb1VUhXUNHKxg6O4EyfSAHp--wU&amp;__tn__=-UK-R&amp;c[0]=AT2mGGG2ChDCJm0NuoQXvY8IN-CRrqzqCNciTNj5C9jpPyhNXAvqo0-l0_xKCEbf59GqDupNzeqq3831U3Yjk79gh5dgi0QX9u6b0eRDS2Xf2FI3hySozJAhebVlcs9IaMkzRkaZt22jKWmt_jXfrQNJ0Q\" target=\"_blank\" rel=\"nofollow noopener\">https:\/\/t.me\/SuriyeArapHaberAjans<\/a><\/p>\n","protected":false},"excerpt":{"rendered":"<p>\u0130\u015eGAL ED\u0130LEN KUD\u00dcS \u2013 \u0130srail i\u015fgal g\u00fc\u00e7lerinin, Bat\u0131 Yaka&#8217;da Cenin&#8217;in g\u00fcneyindeki Kbatiye beldesine bask\u0131n d\u00fczenledi, 7 Filistinli yaraland\u0131. Filistinli WAFA Haber Ajans\u0131, \u0130srail i\u015fgal g\u00fc\u00e7lerinin,Kbetiye beldesi bas\u0131p ve Filistinlilere kur\u015funlarla sald\u0131rd\u0131\u011f\u0131n\u0131, 7&#8217;sinin yaraland\u0131\u011f\u0131n\u0131 belirtti. #Telegram_Kanal\u0131m\u0131z: https:\/\/t.me\/SuriyeArapHaberAjans<\/p>\n","protected":false},"author":39,"featured_media":261357,"comment_status":"closed","ping_status":"closed","sticky":false,"template":"","format":"standard","meta":{"footnotes":""},"categories":[458,459,17988],"tags":[],"class_list":["post-261356","post","type-post","status-publish","format-standard","has-post-thumbnail","","category-dunya1","category-haberler-arap-uluslararasi-politika","category-son-haberler"],"_links":{"self":[{"href":"https:\/\/archive.sana.sy\/tr\/index.php?rest_route=\/wp\/v2\/posts\/261356","targetHints":{"allow":["GET"]}}],"collection":[{"href":"https:\/\/archive.sana.sy\/tr\/index.php?rest_route=\/wp\/v2\/posts"}],"about":[{"href":"https:\/\/archive.sana.sy\/tr\/index.php?rest_route=\/wp\/v2\/types\/post"}],"author":[{"embeddable":true,"href":"https:\/\/archive.sana.sy\/tr\/index.php?rest_route=\/wp\/v2\/users\/39"}],"replies":[{"embeddable":true,"href":"https:\/\/archive.sana.sy\/tr\/index.php?rest_route=%2Fwp%2Fv2%2Fcomments&post=261356"}],"version-history":[{"count":0,"href":"https:\/\/archive.sana.sy\/tr\/index.php?rest_route=\/wp\/v2\/posts\/261356\/revisions"}],"wp:featuredmedia":[{"embeddable":true,"href":"https:\/\/archive.sana.sy\/tr\/index.php?rest_route=\/wp\/v2\/media\/261357"}],"wp:attachment":[{"href":"https:\/\/archive.sana.sy\/tr\/index.php?rest_route=%2Fwp%2Fv2%2Fmedia&parent=261356"}],"wp:term":[{"taxonomy":"category","embeddable":true,"href":"https:\/\/archive.sana.sy\/tr\/index.php?rest_route=%2Fwp%2Fv2%2Fcategories&post=261356"},{"taxonomy":"post_tag","embeddable":true,"href":"https:\/\/archive.sana.sy\/tr\/index.php?rest_route=%2Fwp%2Fv2%2Ftags&post=261356"}],"curies":[{"name":"wp","href":"https:\/\/api.w.org\/{rel}","templated":true}]}}