{"id":261362,"date":"2022-08-28T23:39:47","date_gmt":"2022-08-28T20:39:47","guid":{"rendered":"http:\/\/107.6.182.27\/tr\/?p=261362"},"modified":"2022-08-30T08:15:52","modified_gmt":"2022-08-30T05:15:52","slug":"rusya-koordinasyon-merkezi-teroristler-idlibdeki-ogrencileri-rusvet-vermeye-zorluyor","status":"publish","type":"post","link":"https:\/\/archive.sana.sy\/tr\/?p=261362","title":{"rendered":"Rusya Koordinasyon Merkezi: Ter\u00f6ristler \u0130dlib&#8217;deki \u00d6\u011frencileri R\u00fc\u015fvet Vermeye Zorluyor"},"content":{"rendered":"<p>MOSKOVA \u2013 Rusya&#8217;n\u0131n Suriye&#8217;deki Koordinasyon Merkezi Ba\u015fkan Yard\u0131mc\u0131s\u0131 Oleg Egorov, ter\u00f6ristlerin, Suriye \u00fcniversitelerine gitmelerine izin vermeleri kar\u015f\u0131l\u0131\u011f\u0131nda \u00f6\u011frencilerden r\u00fc\u015fvetler ald\u0131\u011f\u0131n\u0131 ilan etti.<\/p>\n<p>RIA Novosti Haber Ajans\u0131 Yegorov&#8217;un aktard\u0131\u011f\u0131na g\u00f6re, &#8220;militanlar, Suriye \u00fcniversitelerinde okumak \u00fczere \u0130dlib&#8217;deki gerilimi azaltma b\u00f6lgesinin topraklar\u0131ndan ayr\u0131lma izni almak i\u00e7in \u00f6\u011frencilerden ve ailelerinden mevcut imkanlar\u0131n\u0131n \u00e7ok \u00fczerinde miktarlarda r\u00fc\u015fvetler al\u0131yor&#8221; dedi.<\/p>\n<p>Egorov, ter\u00f6ristlerin eylemlerinin, e\u011fitim dahil, gerilimi azaltma b\u00f6lgesinin s\u0131n\u0131rlar\u0131 boyunca sivil hareket olas\u0131l\u0131\u011f\u0131n\u0131 garanti eden Astana anla\u015fmalar\u0131n\u0131n h\u00fck\u00fcmlerini ihlal etti\u011fini a\u00e7\u0131klad\u0131.<\/p>\n<p><a class=\"qi72231t nu7423ey n3hqoq4p r86q59rh b3qcqh3k fq87ekyn bdao358l fsf7x5fv rse6dlih s5oniofx m8h3af8h l7ghb35v kjdc1dyq kmwttqpk srn514ro oxkhqvkx rl78xhln nch0832m cr00lzj9 rn8ck1ys s3jn8y49 icdlwmnq cxfqmxzd d1w2l3lo tes86rjd\" tabindex=\"0\" role=\"link\" href=\"https:\/\/www.facebook.com\/hashtag\/telegram_kanal%C4%B1m%C4%B1z?__eep__=6&amp;__cft__[0]=AZVuqetQa7sTnL-m1vzW91n-19AoRmBWZj82u9W_TxAlCcZABD-jF8Vv1dYqYxOOM3KfTfI5M4HYZkENMmVqon4gmgX90DKGIvUjzQ_iedTTFOp9HA6a4OEQbD1MC9DAEb4&amp;__tn__=*NK-R\">#Telegram_Kanal\u0131m\u0131z<\/a>: <a class=\"qi72231t nu7423ey n3hqoq4p r86q59rh b3qcqh3k fq87ekyn bdao358l fsf7x5fv rse6dlih s5oniofx m8h3af8h l7ghb35v kjdc1dyq kmwttqpk srn514ro oxkhqvkx rl78xhln nch0832m cr00lzj9 rn8ck1ys s3jn8y49 icdlwmnq cxfqmxzd ezidihy3\" tabindex=\"0\" role=\"link\" href=\"https:\/\/t.me\/SuriyeArapHaberAjans?fbclid=IwAR1N5DhiH0ojBN2N8o0Yaf6pEb9cOVXwF4TMm_iUQn3WW2WV60WIO6fXiNU\" target=\"_blank\" rel=\"nofollow noopener\">https:\/\/t.me\/SuriyeArapHaberAjans<\/a><\/p>\n","protected":false},"excerpt":{"rendered":"<p>MOSKOVA \u2013 Rusya&#8217;n\u0131n Suriye&#8217;deki Koordinasyon Merkezi Ba\u015fkan Yard\u0131mc\u0131s\u0131 Oleg Egorov, ter\u00f6ristlerin, Suriye \u00fcniversitelerine gitmelerine izin vermeleri kar\u015f\u0131l\u0131\u011f\u0131nda \u00f6\u011frencilerden r\u00fc\u015fvetler ald\u0131\u011f\u0131n\u0131 ilan etti. RIA Novosti Haber Ajans\u0131 Yegorov&#8217;un aktard\u0131\u011f\u0131na g\u00f6re, &#8220;militanlar, Suriye \u00fcniversitelerinde okumak \u00fczere \u0130dlib&#8217;deki gerilimi azaltma b\u00f6lgesinin topraklar\u0131ndan ayr\u0131lma izni almak i\u00e7in \u00f6\u011frencilerden ve ailelerinden mevcut imkanlar\u0131n\u0131n \u00e7ok \u00fczerinde miktarlarda r\u00fc\u015fvetler al\u0131yor&#8221; dedi. Egorov, &hellip;<\/p>\n","protected":false},"author":39,"featured_media":261363,"comment_status":"closed","ping_status":"closed","sticky":false,"template":"","format":"standard","meta":{"footnotes":""},"categories":[458,459,17988],"tags":[],"class_list":["post-261362","post","type-post","status-publish","format-standard","has-post-thumbnail","","category-dunya1","category-haberler-arap-uluslararasi-politika","category-son-haberler"],"_links":{"self":[{"href":"https:\/\/archive.sana.sy\/tr\/index.php?rest_route=\/wp\/v2\/posts\/261362","targetHints":{"allow":["GET"]}}],"collection":[{"href":"https:\/\/archive.sana.sy\/tr\/index.php?rest_route=\/wp\/v2\/posts"}],"about":[{"href":"https:\/\/archive.sana.sy\/tr\/index.php?rest_route=\/wp\/v2\/types\/post"}],"author":[{"embeddable":true,"href":"https:\/\/archive.sana.sy\/tr\/index.php?rest_route=\/wp\/v2\/users\/39"}],"replies":[{"embeddable":true,"href":"https:\/\/archive.sana.sy\/tr\/index.php?rest_route=%2Fwp%2Fv2%2Fcomments&post=261362"}],"version-history":[{"count":0,"href":"https:\/\/archive.sana.sy\/tr\/index.php?rest_route=\/wp\/v2\/posts\/261362\/revisions"}],"wp:featuredmedia":[{"embeddable":true,"href":"https:\/\/archive.sana.sy\/tr\/index.php?rest_route=\/wp\/v2\/media\/261363"}],"wp:attachment":[{"href":"https:\/\/archive.sana.sy\/tr\/index.php?rest_route=%2Fwp%2Fv2%2Fmedia&parent=261362"}],"wp:term":[{"taxonomy":"category","embeddable":true,"href":"https:\/\/archive.sana.sy\/tr\/index.php?rest_route=%2Fwp%2Fv2%2Fcategories&post=261362"},{"taxonomy":"post_tag","embeddable":true,"href":"https:\/\/archive.sana.sy\/tr\/index.php?rest_route=%2Fwp%2Fv2%2Ftags&post=261362"}],"curies":[{"name":"wp","href":"https:\/\/api.w.org\/{rel}","templated":true}]}}