{"id":261453,"date":"2022-08-30T10:52:58","date_gmt":"2022-08-30T07:52:58","guid":{"rendered":"http:\/\/107.6.182.27\/tr\/?p=261453"},"modified":"2022-08-31T08:19:07","modified_gmt":"2022-08-31T05:19:07","slug":"ersadi-amerika-kuzey-suriyedeki-teroristleri-destekleyerek-uluslararasi-hukuku-ve-birlesmis-milletler-sozlesmesini-ihlal-ediyor","status":"publish","type":"post","link":"https:\/\/archive.sana.sy\/tr\/?p=261453","title":{"rendered":"Er\u015fadi: Amerika, Kuzey Suriye&#8217;deki Ter\u00f6ristleri Destekleyerek Uluslararas\u0131 Hukuku Ve Birle\u015fmi\u015f Milletler S\u00f6zle\u015fmesini \u0130hlal Ediyor"},"content":{"rendered":"<p>NEW YORK &#8211; \u0130ran&#8217;\u0131n Birle\u015fmi\u015f Milletler B\u00fcy\u00fckel\u00e7isi ve Temsilci Yard\u0131mc\u0131s\u0131 Zehra Er\u015fadi, ABD&#8217;nin ter\u00f6r gruplar\u0131na verdi\u011fi s\u00fcrekli destek ve Suriye&#8217;nin kuzeydo\u011fusundaki b\u00f6lgeleri i\u015fgal ederek uluslararas\u0131 hukuku ve Birle\u015fmi\u015f Milletler S\u00f6zle\u015fmesini ihlal etti\u011fini belirtti.<\/p>\n<p>\u0130ran&#8217;\u0131n FARS Haber Ajans\u0131&#8217;n\u0131n aktard\u0131\u011f\u0131na g\u00f6re \u0130r\u015fadi, BM G\u00fcvenlik Konseyi&#8217;nin Suriye&#8217;deki siyasi ve insani geli\u015fmelere ili\u015fkin toplant\u0131s\u0131nda yapt\u0131\u011f\u0131 konu\u015fmada, &#8220;Suriye&#8217;ye insani yard\u0131m sa\u011flanmas\u0131 gereklidir ve siyasi ko\u015fullar insani yard\u0131m\u0131n ihtiya\u00e7 sahiplerine ula\u015ft\u0131r\u0131lmas\u0131n\u0131 engellememelidir&#8221; dedi. &#8221;<\/p>\n<p>Er\u015fadi, yard\u0131m sa\u011flanmas\u0131, suriye&#8217;nin egemenli\u011fine, toprak b\u00fct\u00fcnl\u00fc\u011f\u00fcne ve ulusal birli\u011fine tam sayg\u0131 g\u00f6sterilerek y\u00fcr\u00fct\u00fclmelidir&#8221; diyerek, Suriye&#8217;ye y\u00f6nelik, Suriye halk\u0131na yard\u0131m ula\u015ft\u0131r\u0131lmas\u0131n\u0131 ve yeniden yap\u0131lanmay\u0131 engelleyen tek tarafl\u0131 zorlay\u0131c\u0131 tedbirlerin kald\u0131rmas\u0131na \u00e7a\u011fr\u0131s\u0131nda bulundu.<\/p>\n<p>Suriye&#8217;deki siyasi s\u00fcrece ili\u015fkin olarak Er\u015fadi, \u0130ran&#8217;\u0131n kararl\u0131 ve ilkeli duru\u015funu yineleyerek, Suriye&#8217;deki krizin, uluslararas\u0131 hukuk ilkelerine, \u00f6zellikle ulusal egemenlik ve devletlerin toprak b\u00fct\u00fcnl\u00fc\u011f\u00fcne tam sayg\u0131ya uygun olarak bar\u0131\u015f\u00e7\u0131l bir \u015fekilde \u00e7\u00f6z\u00fclmesi gerekti\u011fini s\u00f6yledi.<\/p>\n<p>Er\u015fadi ayr\u0131ca, \u0130ran, Rusya ve T\u00fcrkiye cumhurba\u015fkanlar\u0131n\u0131n ge\u00e7en 28 Temmuz&#8217;da Tahran&#8217;da Astana format\u0131 \u00e7er\u00e7evesinde \u00fc\u00e7l\u00fc toplant\u0131s\u0131na at\u0131fta bulundu.<\/p>\n<p>Er\u015fadi, toplant\u0131da Suriye&#8217;nin egemenli\u011fine, ba\u011f\u0131ms\u0131zl\u0131\u011f\u0131na, birli\u011fine ve toprak b\u00fct\u00fcnl\u00fc\u011f\u00fcne olan sars\u0131lmaz ba\u011fl\u0131l\u0131\u011f\u0131n yeniden teyit edildi\u011fini ve BM G\u00fcvenlik Konseyi kararlar\u0131na dayal\u0131 olarak Suriye halk\u0131n\u0131n \u00f6nderli\u011fi ve egemenli\u011fi alt\u0131nda istikrarl\u0131 bir siyasi s\u00fcrece itildi\u011fini belirtti.<\/p>\n<p>\u0130ran&#8217;\u0131n Birle\u015fmi\u015f Milletler b\u00fcy\u00fckel\u00e7isi, Siyonist varl\u0131\u011f\u0131n Suriye&#8217;ye y\u00f6nelik son sald\u0131r\u0131lar\u0131n\u0131 k\u0131nad\u0131 ve bu varl\u0131\u011f\u0131n Suriye&#8217;nin egemenli\u011fini ve toprak b\u00fct\u00fcnl\u00fc\u011f\u00fcn\u00fc ihlal etmeye ve i\u00e7indeki sivillere ve sivil altyap\u0131ya y\u00f6nelik ter\u00f6r sald\u0131r\u0131lar\u0131 ger\u00e7ekle\u015ftirmeye devam etti\u011fini s\u00f6yledi.<\/p>\n<p>Er\u015fadi, \u0130ran, bu sald\u0131r\u0131lar\u0131n devam etmesini \u015fiddetle k\u0131n\u0131yor ve Suriye&#8217;nin uluslararas\u0131 hukuk ve Birle\u015fmi\u015f Milletler S\u00f6zle\u015fmesi temelinde me\u015fru yan\u0131t verme hakk\u0131n\u0131 tan\u0131yor, \u00e7\u00fcnk\u00fc bu su\u00e7 eylemlerinin devam etmesi istikrars\u0131zl\u0131\u011fa ve \u00fclkedeki gerginli\u011fi t\u0131rmanmas\u0131na yol a\u00e7acakt\u0131r&#8221; dedi.<\/p>\n<p>Er\u015fadi, G\u00fcvenlik Konseyi&#8217;nin \u00e7ifte standard\u0131 terk etmesi ve \u0130srail varl\u0131\u011f\u0131n\u0131n Suriye topraklar\u0131ndaki sald\u0131r\u0131lar\u0131n\u0131 ve ter\u00f6rist sald\u0131r\u0131lar\u0131n\u0131 a\u00e7\u0131k\u00e7a k\u0131namas\u0131 gerekti\u011fini vurgulad\u0131.<\/p>\n<p>\u0130r\u015fadi, \u0130ran&#8217;\u0131n sorumlu bir \u00fclke olarak ve uluslararas\u0131 y\u00fck\u00fcml\u00fcl\u00fckleri do\u011frultusunda ter\u00f6rle m\u00fccadelede Suriye h\u00fck\u00fcmetini destekleme \u00e7abalar\u0131n\u0131 s\u00fcrd\u00fcrd\u00fc\u011f\u00fcn\u00fc belirtti.<\/p>\n<p><a class=\"qi72231t nu7423ey n3hqoq4p r86q59rh b3qcqh3k fq87ekyn bdao358l fsf7x5fv rse6dlih s5oniofx m8h3af8h l7ghb35v kjdc1dyq kmwttqpk srn514ro oxkhqvkx rl78xhln nch0832m cr00lzj9 rn8ck1ys s3jn8y49 icdlwmnq cxfqmxzd d1w2l3lo tes86rjd\" tabindex=\"0\" role=\"link\" href=\"https:\/\/www.facebook.com\/hashtag\/telegram_kanal%C4%B1m%C4%B1z?__eep__=6&amp;__cft__[0]=AZVP1DajTa_HkEk7dzzJoMRBJSoenCUYZ6Vx8GO5zjHvQbDlvIB2jZklRSVCkQYqbaMznfMjvo1zUIOVYj5hV4ZOtujZS_jq1EqMcmkwT2xkGATfA1THR1JIxcvW8CpHwKc&amp;__tn__=*NK-R\">#Telegram_Kanal\u0131m\u0131z<\/a>: <a class=\"qi72231t nu7423ey n3hqoq4p r86q59rh b3qcqh3k fq87ekyn bdao358l fsf7x5fv rse6dlih s5oniofx m8h3af8h l7ghb35v kjdc1dyq kmwttqpk srn514ro oxkhqvkx rl78xhln nch0832m cr00lzj9 rn8ck1ys s3jn8y49 icdlwmnq cxfqmxzd ezidihy3\" tabindex=\"0\" role=\"link\" href=\"https:\/\/t.me\/SuriyeArapHaberAjans?fbclid=IwAR1buJ3zGakFUlMc_m8AEM6GHNBNLOX7sjTum3bjlOhOoEA4gVH-0F8cvsk\" target=\"_blank\" rel=\"nofollow noopener\">https:\/\/t.me\/SuriyeArapHaberAjans<\/a><\/p>\n","protected":false},"excerpt":{"rendered":"<p>NEW YORK &#8211; \u0130ran&#8217;\u0131n Birle\u015fmi\u015f Milletler B\u00fcy\u00fckel\u00e7isi ve Temsilci Yard\u0131mc\u0131s\u0131 Zehra Er\u015fadi, ABD&#8217;nin ter\u00f6r gruplar\u0131na verdi\u011fi s\u00fcrekli destek ve Suriye&#8217;nin kuzeydo\u011fusundaki b\u00f6lgeleri i\u015fgal ederek uluslararas\u0131 hukuku ve Birle\u015fmi\u015f Milletler S\u00f6zle\u015fmesini ihlal etti\u011fini belirtti. \u0130ran&#8217;\u0131n FARS Haber Ajans\u0131&#8217;n\u0131n aktard\u0131\u011f\u0131na g\u00f6re \u0130r\u015fadi, BM G\u00fcvenlik Konseyi&#8217;nin Suriye&#8217;deki siyasi ve insani geli\u015fmelere ili\u015fkin toplant\u0131s\u0131nda yapt\u0131\u011f\u0131 konu\u015fmada, &#8220;Suriye&#8217;ye insani yard\u0131m &hellip;<\/p>\n","protected":false},"author":36,"featured_media":261454,"comment_status":"closed","ping_status":"closed","sticky":false,"template":"","format":"standard","meta":{"footnotes":""},"categories":[458,459,17988],"tags":[],"class_list":["post-261453","post","type-post","status-publish","format-standard","has-post-thumbnail","","category-dunya1","category-haberler-arap-uluslararasi-politika","category-son-haberler"],"_links":{"self":[{"href":"https:\/\/archive.sana.sy\/tr\/index.php?rest_route=\/wp\/v2\/posts\/261453","targetHints":{"allow":["GET"]}}],"collection":[{"href":"https:\/\/archive.sana.sy\/tr\/index.php?rest_route=\/wp\/v2\/posts"}],"about":[{"href":"https:\/\/archive.sana.sy\/tr\/index.php?rest_route=\/wp\/v2\/types\/post"}],"author":[{"embeddable":true,"href":"https:\/\/archive.sana.sy\/tr\/index.php?rest_route=\/wp\/v2\/users\/36"}],"replies":[{"embeddable":true,"href":"https:\/\/archive.sana.sy\/tr\/index.php?rest_route=%2Fwp%2Fv2%2Fcomments&post=261453"}],"version-history":[{"count":0,"href":"https:\/\/archive.sana.sy\/tr\/index.php?rest_route=\/wp\/v2\/posts\/261453\/revisions"}],"wp:featuredmedia":[{"embeddable":true,"href":"https:\/\/archive.sana.sy\/tr\/index.php?rest_route=\/wp\/v2\/media\/261454"}],"wp:attachment":[{"href":"https:\/\/archive.sana.sy\/tr\/index.php?rest_route=%2Fwp%2Fv2%2Fmedia&parent=261453"}],"wp:term":[{"taxonomy":"category","embeddable":true,"href":"https:\/\/archive.sana.sy\/tr\/index.php?rest_route=%2Fwp%2Fv2%2Fcategories&post=261453"},{"taxonomy":"post_tag","embeddable":true,"href":"https:\/\/archive.sana.sy\/tr\/index.php?rest_route=%2Fwp%2Fv2%2Ftags&post=261453"}],"curies":[{"name":"wp","href":"https:\/\/api.w.org\/{rel}","templated":true}]}}