{"id":261472,"date":"2022-08-30T13:18:48","date_gmt":"2022-08-30T10:18:48","guid":{"rendered":"http:\/\/107.6.182.27\/tr\/?p=261472"},"modified":"2022-08-31T08:19:34","modified_gmt":"2022-08-31T05:19:34","slug":"cin-suriyeye-karsi-zorlayici-tedbirler-ve-kaynaklarinin-yasa-disi-yagmalanmasi-durdurulmali","status":"publish","type":"post","link":"https:\/\/archive.sana.sy\/tr\/?p=261472","title":{"rendered":"\u00c7in: Suriye&#8217;ye Kar\u015f\u0131 Zorlay\u0131c\u0131 Tedbirler Ve Kaynaklar\u0131n\u0131n Yasa D\u0131\u015f\u0131 Ya\u011fmalanmas\u0131 Durdurulmal\u0131"},"content":{"rendered":"<p>New York \u2013 \u00c7in, Suriye&#8217;nin ulusal egemenli\u011fine ve toprak b\u00fct\u00fcnl\u00fc\u011f\u00fcne sayg\u0131 g\u00f6sterilmesi gerekti\u011fini ve topraklar\u0131ndaki yasad\u0131\u015f\u0131 yabanc\u0131 askeri varl\u0131\u011f\u0131n ve kaynaklar\u0131n\u0131n ya\u011fmalanmas\u0131na son verilmesi gerekti\u011fini yineledi.<\/p>\n<p>\u015einho Haber Ajans&#8217;n\u0131n aktard\u0131\u011f\u0131na g\u00f6re, \u00c7in&#8217;in Birle\u015fmi\u015f Milletler daimi temsilcisi \u00c7an\u011f Jun&#8217;un BM G\u00fcvenlik Konseyi&#8217;nde: \u201cDevletlerin ulusal egemenli\u011fine ve toprak b\u00fct\u00fcnl\u00fc\u011f\u00fcne sayg\u0131, Birle\u015fmi\u015f Milletler \u015eart\u0131&#8217;nda yer alan \u00f6nemli bir ilkedir ve uluslararas\u0131 ili\u015fkilerin temel ta\u015f\u0131d\u0131r&#8221; dedi.<\/p>\n<p>\u00c7an\u011f, ABD&#8217;nin Suriye&#8217;nin do\u011fusundaki askeri operasyonlar\u0131n\u0131n, Suriye&#8217;nin egemenli\u011fini ve toprak b\u00fct\u00fcnl\u00fc\u011f\u00fcn\u00fc ihlal etti\u011fine \u015f\u00fcphe olmad\u0131\u011f\u0131n\u0131 belirterek, &#8220;Suriye&#8217;de yabanc\u0131 g\u00fc\u00e7lerin yasad\u0131\u015f\u0131 varl\u0131\u011f\u0131 ve yasad\u0131\u015f\u0131 askeri operasyonlar\u0131n sona ermesi gerekti\u011fini&#8221; vurgulad\u0131.<\/p>\n<p>\u00c7inli delege, siyasi bir \u00e7\u00f6z\u00fcm\u00fcn tek yolunun Suriye halk\u0131n\u0131n herhangi bir d\u0131\u015f m\u00fcdahale olmaks\u0131z\u0131n \u00fclkelerinin gelece\u011fine kendileri karar vermesine izin vermek oldu\u011funu vurgulad\u0131.<\/p>\n<p>\u00c7an\u011f, Bat\u0131&#8217;n\u0131n Suriye&#8217;ye dayatt\u0131\u011f\u0131 tek tarafl\u0131 zorlay\u0131c\u0131 tedbirlerin uzun s\u00fcredir \u00fclkedeki ekonomik toparlanma ve kalk\u0131nman\u0131n can damarlar\u0131n\u0131 bozdu\u011funu belirtirken, Suriye&#8217;deki ya\u015famsal kaynaklar\u0131n yasad\u0131\u015f\u0131 olarak \u00e7al\u0131nmas\u0131 ve ya\u011fmalanmas\u0131n\u0131n Suriye halk\u0131na inan\u0131lmaz zararlar verdi\u011fini vurgulad\u0131.<br \/>\n\u00c7an\u011f, Suriye&#8217;ye dayat\u0131lan tek tarafl\u0131 zorlay\u0131c\u0131 tedbirlerin kald\u0131r\u0131lmal\u0131 ve kaynaklar\u0131n\u0131n yasa d\u0131\u015f\u0131 ya\u011fmalanmas\u0131na son verilmeli&#8221; diye ekledi.<\/p>\n<p><a class=\"qi72231t nu7423ey n3hqoq4p r86q59rh b3qcqh3k fq87ekyn bdao358l fsf7x5fv rse6dlih s5oniofx m8h3af8h l7ghb35v kjdc1dyq kmwttqpk srn514ro oxkhqvkx rl78xhln nch0832m cr00lzj9 rn8ck1ys s3jn8y49 icdlwmnq cxfqmxzd d1w2l3lo tes86rjd\" tabindex=\"0\" role=\"link\" href=\"https:\/\/www.facebook.com\/hashtag\/telegram_kanal%C4%B1m%C4%B1z?__eep__=6&amp;__cft__[0]=AZUMUHgbe40MlG2V_fGC_fgOcrm864yqsXdYxrNCru3Bk0k7mRY_2_ySrvGOe2cyFdRyfWuBmVbeEpMDN6KvXX3olZUoDSQPnocPk91QgaD2yYhtjCgEf63vTtqNxKaTSfw&amp;__tn__=*NK-R\">#Telegram_Kanal\u0131m\u0131z<\/a>: <a class=\"qi72231t nu7423ey n3hqoq4p r86q59rh b3qcqh3k fq87ekyn bdao358l fsf7x5fv rse6dlih s5oniofx m8h3af8h l7ghb35v kjdc1dyq kmwttqpk srn514ro oxkhqvkx rl78xhln nch0832m cr00lzj9 rn8ck1ys s3jn8y49 icdlwmnq cxfqmxzd ezidihy3\" tabindex=\"0\" role=\"link\" href=\"https:\/\/t.me\/SuriyeArapHaberAjans?fbclid=IwAR26izr8qzs9wfoJ1PDdlqPCYfshZRgZ-5VcnP_HUs2SYk4NLOkeF7S4ADE\" target=\"_blank\" rel=\"nofollow noopener\">https:\/\/t.me\/SuriyeArapHaberAjans<\/a><\/p>\n","protected":false},"excerpt":{"rendered":"<p>New York \u2013 \u00c7in, Suriye&#8217;nin ulusal egemenli\u011fine ve toprak b\u00fct\u00fcnl\u00fc\u011f\u00fcne sayg\u0131 g\u00f6sterilmesi gerekti\u011fini ve topraklar\u0131ndaki yasad\u0131\u015f\u0131 yabanc\u0131 askeri varl\u0131\u011f\u0131n ve kaynaklar\u0131n\u0131n ya\u011fmalanmas\u0131na son verilmesi gerekti\u011fini yineledi. \u015einho Haber Ajans&#8217;n\u0131n aktard\u0131\u011f\u0131na g\u00f6re, \u00c7in&#8217;in Birle\u015fmi\u015f Milletler daimi temsilcisi \u00c7an\u011f Jun&#8217;un BM G\u00fcvenlik Konseyi&#8217;nde: \u201cDevletlerin ulusal egemenli\u011fine ve toprak b\u00fct\u00fcnl\u00fc\u011f\u00fcne sayg\u0131, Birle\u015fmi\u015f Milletler \u015eart\u0131&#8217;nda yer alan \u00f6nemli bir &hellip;<\/p>\n","protected":false},"author":39,"featured_media":261474,"comment_status":"closed","ping_status":"closed","sticky":false,"template":"","format":"standard","meta":{"footnotes":""},"categories":[458,459,17988],"tags":[],"class_list":["post-261472","post","type-post","status-publish","format-standard","has-post-thumbnail","","category-dunya1","category-haberler-arap-uluslararasi-politika","category-son-haberler"],"_links":{"self":[{"href":"https:\/\/archive.sana.sy\/tr\/index.php?rest_route=\/wp\/v2\/posts\/261472","targetHints":{"allow":["GET"]}}],"collection":[{"href":"https:\/\/archive.sana.sy\/tr\/index.php?rest_route=\/wp\/v2\/posts"}],"about":[{"href":"https:\/\/archive.sana.sy\/tr\/index.php?rest_route=\/wp\/v2\/types\/post"}],"author":[{"embeddable":true,"href":"https:\/\/archive.sana.sy\/tr\/index.php?rest_route=\/wp\/v2\/users\/39"}],"replies":[{"embeddable":true,"href":"https:\/\/archive.sana.sy\/tr\/index.php?rest_route=%2Fwp%2Fv2%2Fcomments&post=261472"}],"version-history":[{"count":0,"href":"https:\/\/archive.sana.sy\/tr\/index.php?rest_route=\/wp\/v2\/posts\/261472\/revisions"}],"wp:featuredmedia":[{"embeddable":true,"href":"https:\/\/archive.sana.sy\/tr\/index.php?rest_route=\/wp\/v2\/media\/261474"}],"wp:attachment":[{"href":"https:\/\/archive.sana.sy\/tr\/index.php?rest_route=%2Fwp%2Fv2%2Fmedia&parent=261472"}],"wp:term":[{"taxonomy":"category","embeddable":true,"href":"https:\/\/archive.sana.sy\/tr\/index.php?rest_route=%2Fwp%2Fv2%2Fcategories&post=261472"},{"taxonomy":"post_tag","embeddable":true,"href":"https:\/\/archive.sana.sy\/tr\/index.php?rest_route=%2Fwp%2Fv2%2Ftags&post=261472"}],"curies":[{"name":"wp","href":"https:\/\/api.w.org\/{rel}","templated":true}]}}