{"id":261493,"date":"2022-08-31T10:53:17","date_gmt":"2022-08-31T07:53:17","guid":{"rendered":"http:\/\/107.6.182.27\/tr\/?p=261493"},"modified":"2022-09-01T09:17:41","modified_gmt":"2022-09-01T06:17:41","slug":"el-halilde-israil-isgal-guclerinin-duzenledigi-saldirida-onlarca-filistinli-yaralandi","status":"publish","type":"post","link":"https:\/\/archive.sana.sy\/tr\/?p=261493","title":{"rendered":"El Halil&#8217;de \u0130srail \u0130\u015fgal G\u00fc\u00e7lerinin D\u00fczenledi\u011fi Sald\u0131r\u0131da Onlarca Filistinli Yaraland\u0131"},"content":{"rendered":"<p>\u0130\u015eGAL ED\u0130LEN KUD\u00dcS \u2013 Bat\u0131 Yaka&#8217;n\u0131n El Halil kentinde \u0130srail i\u015fgal g\u00fc\u00e7lerinin kendilerine sald\u0131rmas\u0131 sonucu onlarca Filistinli yaraland\u0131.<\/p>\n<p>WAFA Haber Ajans\u0131, \u0130srail i\u015fgal g\u00fc\u00e7lerinin, El Halil kentinin kuzeyindeki Beyt Ammer beldesine bask\u0131n d\u00fczenledi\u011fini belirtirken, Filistinlilere kur\u015fun ve zehirli gaz pompalar\u0131 atarak sald\u0131r\u0131p, bir genci yaralad\u0131\u011f\u0131n\u0131 ve onlarca bo\u011fulma vakas\u0131 meydana geldi\u011fine i\u015faret etti.<\/p>\n<p><a class=\"qi72231t nu7423ey n3hqoq4p r86q59rh b3qcqh3k fq87ekyn bdao358l fsf7x5fv rse6dlih s5oniofx m8h3af8h l7ghb35v kjdc1dyq kmwttqpk srn514ro oxkhqvkx rl78xhln nch0832m cr00lzj9 rn8ck1ys s3jn8y49 icdlwmnq cxfqmxzd d1w2l3lo tes86rjd\" tabindex=\"0\" role=\"link\" href=\"https:\/\/www.facebook.com\/hashtag\/telegram_kanal%C4%B1m%C4%B1z?__eep__=6&amp;__cft__[0]=AZWi5oFCjR77cVYeFAbOQFgGrwza7_32EJHc2shPMwZyRZl7SCaSU8NsV7jvEbdPM-F3SWJ5LyUSH9Sxku_MRH9-ShWraPCAwBWUqipx78WBGNh2kX5uqtaFL8Yclsb2hQ_Yu0kML296R6i6RDhkl1ZQugvhPPAl6Y_HoTC5IVbILg&amp;__tn__=*NK-R\">#Telegram_Kanal\u0131m\u0131z<\/a>: <a class=\"qi72231t nu7423ey n3hqoq4p r86q59rh b3qcqh3k fq87ekyn bdao358l fsf7x5fv rse6dlih s5oniofx m8h3af8h l7ghb35v kjdc1dyq kmwttqpk srn514ro oxkhqvkx rl78xhln nch0832m cr00lzj9 rn8ck1ys s3jn8y49 icdlwmnq cxfqmxzd ezidihy3\" tabindex=\"0\" role=\"link\" href=\"https:\/\/t.me\/SuriyeArapHaberAjans?fbclid=IwAR16uPAUNqYBg4yQWHjVV9JI8nyWKkQpEyaMNYjxrb35uuiEByd2JRqY6tA\" target=\"_blank\" rel=\"nofollow noopener\">https:\/\/t.me\/SuriyeArapHaberAjans<\/a><\/p>\n","protected":false},"excerpt":{"rendered":"<p>\u0130\u015eGAL ED\u0130LEN KUD\u00dcS \u2013 Bat\u0131 Yaka&#8217;n\u0131n El Halil kentinde \u0130srail i\u015fgal g\u00fc\u00e7lerinin kendilerine sald\u0131rmas\u0131 sonucu onlarca Filistinli yaraland\u0131. WAFA Haber Ajans\u0131, \u0130srail i\u015fgal g\u00fc\u00e7lerinin, El Halil kentinin kuzeyindeki Beyt Ammer beldesine bask\u0131n d\u00fczenledi\u011fini belirtirken, Filistinlilere kur\u015fun ve zehirli gaz pompalar\u0131 atarak sald\u0131r\u0131p, bir genci yaralad\u0131\u011f\u0131n\u0131 ve onlarca bo\u011fulma vakas\u0131 meydana geldi\u011fine i\u015faret etti. #Telegram_Kanal\u0131m\u0131z: https:\/\/t.me\/SuriyeArapHaberAjans<\/p>\n","protected":false},"author":39,"featured_media":261494,"comment_status":"closed","ping_status":"closed","sticky":false,"template":"","format":"standard","meta":{"footnotes":""},"categories":[458,459,17988],"tags":[],"class_list":["post-261493","post","type-post","status-publish","format-standard","has-post-thumbnail","","category-dunya1","category-haberler-arap-uluslararasi-politika","category-son-haberler"],"_links":{"self":[{"href":"https:\/\/archive.sana.sy\/tr\/index.php?rest_route=\/wp\/v2\/posts\/261493","targetHints":{"allow":["GET"]}}],"collection":[{"href":"https:\/\/archive.sana.sy\/tr\/index.php?rest_route=\/wp\/v2\/posts"}],"about":[{"href":"https:\/\/archive.sana.sy\/tr\/index.php?rest_route=\/wp\/v2\/types\/post"}],"author":[{"embeddable":true,"href":"https:\/\/archive.sana.sy\/tr\/index.php?rest_route=\/wp\/v2\/users\/39"}],"replies":[{"embeddable":true,"href":"https:\/\/archive.sana.sy\/tr\/index.php?rest_route=%2Fwp%2Fv2%2Fcomments&post=261493"}],"version-history":[{"count":0,"href":"https:\/\/archive.sana.sy\/tr\/index.php?rest_route=\/wp\/v2\/posts\/261493\/revisions"}],"wp:featuredmedia":[{"embeddable":true,"href":"https:\/\/archive.sana.sy\/tr\/index.php?rest_route=\/wp\/v2\/media\/261494"}],"wp:attachment":[{"href":"https:\/\/archive.sana.sy\/tr\/index.php?rest_route=%2Fwp%2Fv2%2Fmedia&parent=261493"}],"wp:term":[{"taxonomy":"category","embeddable":true,"href":"https:\/\/archive.sana.sy\/tr\/index.php?rest_route=%2Fwp%2Fv2%2Fcategories&post=261493"},{"taxonomy":"post_tag","embeddable":true,"href":"https:\/\/archive.sana.sy\/tr\/index.php?rest_route=%2Fwp%2Fv2%2Ftags&post=261493"}],"curies":[{"name":"wp","href":"https:\/\/api.w.org\/{rel}","templated":true}]}}