{"id":261565,"date":"2022-09-01T10:51:18","date_gmt":"2022-09-01T07:51:18","guid":{"rendered":"http:\/\/107.6.182.27\/tr\/?p=261565"},"modified":"2022-09-02T08:47:44","modified_gmt":"2022-09-02T05:47:44","slug":"isgalci-israil-guclerinin-kursunlariyla-iki-filistinli-sehit-dustu","status":"publish","type":"post","link":"https:\/\/archive.sana.sy\/tr\/?p=261565","title":{"rendered":"\u0130\u015fgalci \u0130srail G\u00fc\u00e7lerinin Kur\u015funlar\u0131yla \u0130ki Filistinli \u015eehit D\u00fc\u015ft\u00fc"},"content":{"rendered":"<p>\u0130\u015eGAL ED\u0130LEN KUD\u00dcS \u2013 Bug\u00fcn i\u015fgalci \u0130srail g\u00fc\u00e7lerinin, Bat\u0131 Yaka\u2019daki Bira ve Nabul b\u00f6lgelerine \u00a0ger\u00e7ekle\u015ftirdi\u011fi \u00a0sald\u0131r\u0131da iki Filistinli \u015fehit d\u00fc\u015ft\u00fc.<\/p>\n<p>Filistinli WAFA Haber Ajans\u0131, \u00a0\u015fehit d\u00fc\u015fen iki gencin, i\u015fgalci \u0130srail g\u00fc\u00e7lerinin Blata kamp\u0131na d\u00fczenledi\u011fi sald\u0131r\u0131da hayat\u0131n\u0131 kaybetti\u011fini belirtti.<\/p>\n<p>Ajansa g\u00f6re \u015fehitlerin birisi Nablus do\u011fusundaki Balata Kamp\u0131nda d\u00fc\u015ferken di\u011feri El Bira \u015fehrinde d\u00fc\u015ft\u00fc.<\/p>\n<p>Ajans ayr\u0131ca, i\u015fgalci \u0130srail g\u00fc\u00e7lerinin d\u00fczenledi\u011fi sald\u0131r\u0131da kurtulan esir Casir Ebu Hamadan\u0131n da tutukland\u0131\u011f\u0131na ve\u00a0 \u00a0bir ticarethanenin yak\u0131lmas\u0131na yol a\u00e7t\u0131\u011f\u0131na i\u015faret etti.<\/p>\n<p><a class=\"qi72231t nu7423ey n3hqoq4p r86q59rh b3qcqh3k fq87ekyn bdao358l fsf7x5fv rse6dlih s5oniofx m8h3af8h l7ghb35v kjdc1dyq kmwttqpk srn514ro oxkhqvkx rl78xhln nch0832m cr00lzj9 rn8ck1ys s3jn8y49 icdlwmnq cxfqmxzd d1w2l3lo tes86rjd\" tabindex=\"0\" role=\"link\" href=\"https:\/\/www.facebook.com\/hashtag\/telegram_kanal%C4%B1m%C4%B1z?__eep__=6&amp;__cft__[0]=AZUSm-d-cPY_Et8spWr_zVi0DlKutez9IqBJyz7d8Xex6BGTkqnZGf_1MSIeIL-FyA4J3pCzhvZh4mgcdaT0oM2cY5hR7KtuhTc1CunCtHZ8KQNEN6KlUBlNlzYyC0IA5R4&amp;__tn__=*NK-R\">#Telegram_Kanal\u0131m\u0131z<\/a>: <a class=\"qi72231t nu7423ey n3hqoq4p r86q59rh b3qcqh3k fq87ekyn bdao358l fsf7x5fv rse6dlih s5oniofx m8h3af8h l7ghb35v kjdc1dyq kmwttqpk srn514ro oxkhqvkx rl78xhln nch0832m cr00lzj9 rn8ck1ys s3jn8y49 icdlwmnq cxfqmxzd ezidihy3\" tabindex=\"0\" role=\"link\" href=\"https:\/\/t.me\/SuriyeArapHaberAjans?fbclid=IwAR1XXGdZjq0k_iF0MZorL9TJCqo1_8aTBye1UmRFXMVSoQyRm83GYdJjBoY\" target=\"_blank\" rel=\"nofollow noopener\">https:\/\/t.me\/SuriyeArapHaberAjans<\/a><\/p>\n","protected":false},"excerpt":{"rendered":"<p>\u0130\u015eGAL ED\u0130LEN KUD\u00dcS \u2013 Bug\u00fcn i\u015fgalci \u0130srail g\u00fc\u00e7lerinin, Bat\u0131 Yaka\u2019daki Bira ve Nabul b\u00f6lgelerine \u00a0ger\u00e7ekle\u015ftirdi\u011fi \u00a0sald\u0131r\u0131da iki Filistinli \u015fehit d\u00fc\u015ft\u00fc. Filistinli WAFA Haber Ajans\u0131, \u00a0\u015fehit d\u00fc\u015fen iki gencin, i\u015fgalci \u0130srail g\u00fc\u00e7lerinin Blata kamp\u0131na d\u00fczenledi\u011fi sald\u0131r\u0131da hayat\u0131n\u0131 kaybetti\u011fini belirtti. Ajansa g\u00f6re \u015fehitlerin birisi Nablus do\u011fusundaki Balata Kamp\u0131nda d\u00fc\u015ferken di\u011feri El Bira \u015fehrinde d\u00fc\u015ft\u00fc. Ajans ayr\u0131ca, i\u015fgalci &hellip;<\/p>\n","protected":false},"author":39,"featured_media":261566,"comment_status":"closed","ping_status":"closed","sticky":false,"template":"","format":"standard","meta":{"footnotes":""},"categories":[458,459,17988],"tags":[],"class_list":["post-261565","post","type-post","status-publish","format-standard","has-post-thumbnail","","category-dunya1","category-haberler-arap-uluslararasi-politika","category-son-haberler"],"_links":{"self":[{"href":"https:\/\/archive.sana.sy\/tr\/index.php?rest_route=\/wp\/v2\/posts\/261565","targetHints":{"allow":["GET"]}}],"collection":[{"href":"https:\/\/archive.sana.sy\/tr\/index.php?rest_route=\/wp\/v2\/posts"}],"about":[{"href":"https:\/\/archive.sana.sy\/tr\/index.php?rest_route=\/wp\/v2\/types\/post"}],"author":[{"embeddable":true,"href":"https:\/\/archive.sana.sy\/tr\/index.php?rest_route=\/wp\/v2\/users\/39"}],"replies":[{"embeddable":true,"href":"https:\/\/archive.sana.sy\/tr\/index.php?rest_route=%2Fwp%2Fv2%2Fcomments&post=261565"}],"version-history":[{"count":0,"href":"https:\/\/archive.sana.sy\/tr\/index.php?rest_route=\/wp\/v2\/posts\/261565\/revisions"}],"wp:featuredmedia":[{"embeddable":true,"href":"https:\/\/archive.sana.sy\/tr\/index.php?rest_route=\/wp\/v2\/media\/261566"}],"wp:attachment":[{"href":"https:\/\/archive.sana.sy\/tr\/index.php?rest_route=%2Fwp%2Fv2%2Fmedia&parent=261565"}],"wp:term":[{"taxonomy":"category","embeddable":true,"href":"https:\/\/archive.sana.sy\/tr\/index.php?rest_route=%2Fwp%2Fv2%2Fcategories&post=261565"},{"taxonomy":"post_tag","embeddable":true,"href":"https:\/\/archive.sana.sy\/tr\/index.php?rest_route=%2Fwp%2Fv2%2Ftags&post=261565"}],"curies":[{"name":"wp","href":"https:\/\/api.w.org\/{rel}","templated":true}]}}