{"id":261677,"date":"2022-09-01T23:42:11","date_gmt":"2022-09-01T20:42:11","guid":{"rendered":"http:\/\/107.6.182.27\/tr\/?p=261677"},"modified":"2022-09-04T08:41:43","modified_gmt":"2022-09-04T05:41:43","slug":"suriye-dusman-israilin-gk-ve-bm-genel-sekreterliginde-kinanmasini-talep-etti","status":"publish","type":"post","link":"https:\/\/archive.sana.sy\/tr\/?p=261677","title":{"rendered":"Suriye D\u00fc\u015fman \u0130srail&#8217;in GK Ve BM Genel Sekreterli\u011finde K\u0131nanmas\u0131n\u0131 Talep Etti"},"content":{"rendered":"<p style=\"text-align: justify;\">\u015eAM &#8211; Suriye, BM G\u00fcvenlik Konseyi ve BM Genel Sekreterli\u011fine \u0130srail&#8217;in Suriye topraklar\u0131na y\u00f6nelik sald\u0131r\u0131lar\u0131n\u0131 egemenli\u011fin ihlali, b\u00f6lgesel ve uluslararas\u0131 bar\u0131\u015f ve g\u00fcvenli\u011fe do\u011frudan bir tehdit olarak k\u0131nama \u00e7a\u011fr\u0131s\u0131n\u0131 yineledi.<\/p>\n<p>D\u0131\u015fi\u015fleri ve Gurbet\u00e7iler Bakanl\u0131\u011f\u0131, Birle\u015fmi\u015f Milletler Genel Sekreteri&#8217;ne ve G\u00fcvenlik Konseyi Ba\u015fkan\u0131&#8217;na g\u00f6nderdi\u011fi ve SANA\u2019nin n\u00fcshas\u0131n\u0131 ald\u0131\u011f\u0131 mektupta: \u201c31 A\u011fustos 2022 \u00c7ar\u015famba g\u00fcn\u00fc saat 20.00 s\u0131ralar\u0131nda, (\u0130srail) Uluslararas\u0131 Halep Ticaret Havaliman\u0131&#8217;na f\u00fcze sald\u0131r\u0131s\u0131 d\u00fczenleyerek, pistin ciddi \u015fekilde hasar g\u00f6rmesine ve hizmet d\u0131\u015f\u0131 kalmas\u0131na ve seyr\u00fcsefer yard\u0131m istasyonunun ve ekipman\u0131n\u0131 tamamen tahrip etmesine ve hizmet d\u0131\u015f\u0131 kalmas\u0131na da neden oldu\u201d dedi.<\/p>\n<p>Mektupta ayr\u0131ca: \u201c31 A\u011fustos 2022 \u00c7ar\u015famba g\u00fcn\u00fc saat 21.18 s\u0131ralar\u0131nda, \u0130srail sava\u015f u\u00e7aklar\u0131 da i\u015fgal alt\u0131ndaki Filistin&#8217;in kuzeyindeki Tabarayya G\u00f6l\u00fc y\u00f6n\u00fcnden Uluslararas\u0131 \u015eam Havaalan\u0131 dahil olmak \u00fczere \u015eam&#8217;\u0131n g\u00fcneydo\u011fusunda baz\u0131 noktalar\u0131 hedef alan bir dizi f\u00fczeyle hava sald\u0131r\u0131s\u0131 d\u00fczenledi\u201d dedi.<\/p>\n<p>Bakanl\u0131k, \u201cbu sald\u0131rganl\u0131k, Uluslararas\u0131 \u015eam Havaliman\u0131&#8217;ndaki seyr\u00fcsefer yard\u0131m istasyonunun ve mesafe \u00f6l\u00e7\u00fcm cihaz\u0131n\u0131n imhas\u0131 da dahil olmak \u00fczere maddi kay\u0131plara yol a\u00e7t\u0131 ve hepsi hizmet d\u0131\u015f\u0131 kald\u0131\u201d dedi.<\/p>\n<p>D\u0131\u015fi\u015fleri Bakanl\u0131\u011f\u0131 mektubunda: \u201cSuriye Arap Cumhuriyeti, \u0130srail i\u015fgal g\u00fc\u00e7lerinin Suriye&#8217;deki kamu ticari ve sivil tesislerini veya hava ve deniz limanlar\u0131n\u0131 ilk kez hedef almad\u0131\u011f\u0131na Genel Sekreterli\u011fin dikkatini \u00e7ekerek, bu sald\u0131r\u0131lar\u0131n, seyr\u00fcsefer, ticari ve sivil hava ve deniz trafi\u011finin yan\u0131 s\u0131ra sivillerin can ve g\u00fcvenli\u011fini tehlikeye at\u0131\u011f\u0131na i\u015faret etti.<\/p>\n<p>Suriye; \u0130\u015fgalci \u0130srail\u2019in, \u015eam ve Halep\u2019teki uluslararas\u0131 havaalanlar\u0131n\u0131 kasten hedef almas\u0131, sivil tesisleri y\u0131k\u0131mlara ve sivillerin hayatlar\u0131n\u0131 tehlikeye atmas\u0131ndan dolay\u0131 hukuki, ahlaki, siyasi ve mali sorumluluklar\u0131 ta\u015f\u0131yaca\u011f\u0131n\u0131 vurgulad\u0131.<\/p>\n<p>D\u0131\u015fi\u015fleri Bakanl\u0131\u011f\u0131 mektubunda, Suriye&#8217;nin G\u00fcvenlik Konseyi&#8217;ne ve Birle\u015fmi\u015f Milletler Sekreterli\u011fi&#8217;ndeki ilgililere, uluslararas\u0131 bar\u0131\u015f ve g\u00fcvenli\u011fin korunmas\u0131 alan\u0131nda \u015eart&#8217;ta kendilerine verilen asgari g\u00f6revleri yerine getirme ve bu \u0130srail sald\u0131r\u0131lar\u0131n\u0131 k\u0131nama talebini yeniledi\u011fini belirtti.<\/p>\n<p>Bakanl\u0131k, Suriye Arap Cumhuriyeti&#8217;nin bug\u00fcn Genel Sekreterlik ve G\u00fcvenlik Konseyi&#8217;nden derhal harekete ge\u00e7mesini ve \u0130srail i\u015fgal makamlar\u0131n\u0131n b\u00f6lgedeki gerilimi ve \u00e7at\u0131\u015fmay\u0131 art\u0131rma giri\u015fimleri kar\u015f\u0131s\u0131nda a\u00e7\u0131k ve net bir tutum bekledi\u011fini de s\u00f6zlerine ekledi.<\/p>\n<p><a class=\"qi72231t nu7423ey n3hqoq4p r86q59rh b3qcqh3k fq87ekyn bdao358l fsf7x5fv rse6dlih s5oniofx m8h3af8h l7ghb35v kjdc1dyq kmwttqpk srn514ro oxkhqvkx rl78xhln nch0832m cr00lzj9 rn8ck1ys s3jn8y49 icdlwmnq cxfqmxzd d1w2l3lo tes86rjd\" tabindex=\"0\" role=\"link\" href=\"https:\/\/www.facebook.com\/hashtag\/telegram_kanal%C4%B1m%C4%B1z?__eep__=6&amp;__cft__[0]=AZUSm-d-cPY_Et8spWr_zVi0DlKutez9IqBJyz7d8Xex6BGTkqnZGf_1MSIeIL-FyA4J3pCzhvZh4mgcdaT0oM2cY5hR7KtuhTc1CunCtHZ8KQNEN6KlUBlNlzYyC0IA5R4&amp;__tn__=*NK-R\">#Telegram_Kanal\u0131m\u0131z<\/a>: <a class=\"qi72231t nu7423ey n3hqoq4p r86q59rh b3qcqh3k fq87ekyn bdao358l fsf7x5fv rse6dlih s5oniofx m8h3af8h l7ghb35v kjdc1dyq kmwttqpk srn514ro oxkhqvkx rl78xhln nch0832m cr00lzj9 rn8ck1ys s3jn8y49 icdlwmnq cxfqmxzd ezidihy3\" tabindex=\"0\" role=\"link\" href=\"https:\/\/l.facebook.com\/l.php?u=https%3A%2F%2Ft.me%2FSuriyeArapHaberAjans%3Ffbclid%3DIwAR1XXGdZjq0k_iF0MZorL9TJCqo1_8aTBye1UmRFXMVSoQyRm83GYdJjBoY&amp;h=AT3psd4pEPLh5KfqQHTQHJdMv4iDKRZzpEEkKZchhFUL5pH92BOrs7ccXufUf4XZrXbiR7uk8SmwXtb2I7mfPPPs4j6JaZOXreiYApvPyLyTDJNf23Cn8ZaI28Sr7q5gnYs&amp;__tn__=-UK-R&amp;c[0]=AT0fc3F0qDI-ZGMZvNlhhhJjcbIeigfL9aTFvSyNQHdYRSiN6ksYAjGwDhAkNvx1gpRmJCttwoKd9zJ0mLFbV76BIELg3jN-xRkQ8PI3ohIwS1WhZmL8yFGVKP7AE2xlj8lZ7IJg3Ao6MM1eLoHdcnjm6A\" target=\"_blank\" rel=\"nofollow noopener\">https:\/\/t.me\/SuriyeArapHaberAjans<\/a><\/p>\n","protected":false},"excerpt":{"rendered":"<p>\u015eAM &#8211; Suriye, BM G\u00fcvenlik Konseyi ve BM Genel Sekreterli\u011fine \u0130srail&#8217;in Suriye topraklar\u0131na y\u00f6nelik sald\u0131r\u0131lar\u0131n\u0131 egemenli\u011fin ihlali, b\u00f6lgesel ve uluslararas\u0131 bar\u0131\u015f ve g\u00fcvenli\u011fe do\u011frudan bir tehdit olarak k\u0131nama \u00e7a\u011fr\u0131s\u0131n\u0131 yineledi. D\u0131\u015fi\u015fleri ve Gurbet\u00e7iler Bakanl\u0131\u011f\u0131, Birle\u015fmi\u015f Milletler Genel Sekreteri&#8217;ne ve G\u00fcvenlik Konseyi Ba\u015fkan\u0131&#8217;na g\u00f6nderdi\u011fi ve SANA\u2019nin n\u00fcshas\u0131n\u0131 ald\u0131\u011f\u0131 mektupta: \u201c31 A\u011fustos 2022 \u00c7ar\u015famba g\u00fcn\u00fc saat 20.00 &hellip;<\/p>\n","protected":false},"author":36,"featured_media":0,"comment_status":"closed","ping_status":"closed","sticky":false,"template":"","format":"standard","meta":{"footnotes":""},"categories":[479,17988,478],"tags":[],"class_list":["post-261677","post","type-post","status-publish","format-standard","","category-haberler-yerel","category-son-haberler","category-yerel"],"_links":{"self":[{"href":"https:\/\/archive.sana.sy\/tr\/index.php?rest_route=\/wp\/v2\/posts\/261677","targetHints":{"allow":["GET"]}}],"collection":[{"href":"https:\/\/archive.sana.sy\/tr\/index.php?rest_route=\/wp\/v2\/posts"}],"about":[{"href":"https:\/\/archive.sana.sy\/tr\/index.php?rest_route=\/wp\/v2\/types\/post"}],"author":[{"embeddable":true,"href":"https:\/\/archive.sana.sy\/tr\/index.php?rest_route=\/wp\/v2\/users\/36"}],"replies":[{"embeddable":true,"href":"https:\/\/archive.sana.sy\/tr\/index.php?rest_route=%2Fwp%2Fv2%2Fcomments&post=261677"}],"version-history":[{"count":0,"href":"https:\/\/archive.sana.sy\/tr\/index.php?rest_route=\/wp\/v2\/posts\/261677\/revisions"}],"wp:attachment":[{"href":"https:\/\/archive.sana.sy\/tr\/index.php?rest_route=%2Fwp%2Fv2%2Fmedia&parent=261677"}],"wp:term":[{"taxonomy":"category","embeddable":true,"href":"https:\/\/archive.sana.sy\/tr\/index.php?rest_route=%2Fwp%2Fv2%2Fcategories&post=261677"},{"taxonomy":"post_tag","embeddable":true,"href":"https:\/\/archive.sana.sy\/tr\/index.php?rest_route=%2Fwp%2Fv2%2Ftags&post=261677"}],"curies":[{"name":"wp","href":"https:\/\/api.w.org\/{rel}","templated":true}]}}