{"id":261691,"date":"2022-09-02T09:01:24","date_gmt":"2022-09-02T06:01:24","guid":{"rendered":"http:\/\/107.6.182.27\/tr\/?p=261691"},"modified":"2022-09-04T08:42:02","modified_gmt":"2022-09-04T05:42:02","slug":"tel-temr-elektrik-santrali-isgalci-turkiyenin-saldirisi-sonucu-hizmet-disi-kaldi-2","status":"publish","type":"post","link":"https:\/\/archive.sana.sy\/tr\/?p=261691","title":{"rendered":"Tel Temr Elektrik Santrali \u0130\u015fgalci T\u00fcrkiye\u2019nin Sald\u0131r\u0131s\u0131 Sonucu Hizmet D\u0131\u015f\u0131 Kald\u0131"},"content":{"rendered":"<p>HASEKE \u2013 Tel Temr santrali, T\u00fcrk i\u015fgal g\u00fc\u00e7lerinin b\u00f6lgeye top mermisi sald\u0131r\u0131s\u0131 sonucu istasyonu besleyen 66 KV gerilim hatt\u0131n\u0131n hasar g\u00f6rmesi sonucunda hizmet d\u0131\u015f\u0131 kald\u0131.<\/p>\n<p>Elektrik \u015eirketi Genel M\u00fcd\u00fcr\u00fc M\u00fch. Enver Ukla, SANA muhabirine yapt\u0131\u011f\u0131 a\u00e7\u0131klamada,Haseke\u2019nin bat\u0131s\u0131ndaki Tel Temr beldesinin kuzey ve kuzeybat\u0131 k\u0131rsal\u0131nda yer alan b\u00f6lgenin T\u00fcrk sald\u0131r\u0131s\u0131na maruz kald\u0131\u011f\u0131n\u0131 belirtirken, bunun istasyonu besleyen gerilim hatt\u0131nda hasara yol a\u00e7t\u0131\u011f\u0131na i\u015faret etti.<\/p>\n<p>Ukla, \u201c\u015fu anda tamir etmeye ba\u015flamak ve istasyonu tekrar hizmete sokmak i\u00e7in hasar\u0131n yerini belirlemeye \u00e7al\u0131\u015f\u0131yoruz\u201d dedi.<\/p>\n<p><a class=\"oajrlxb2 g5ia77u1 qu0x051f esr5mh6w e9989ue4 r7d6kgcz rq0escxv nhd2j8a9 nc684nl6 p7hjln8o kvgmc6g5 cxmmr5t8 oygrvhab hcukyx3x jb3vyjys rz4wbd8a qt6c0cv9 a8nywdso i1ao9s8h esuyzwwr f1sip0of lzcic4wl gpro0wi8 q66pz984 b1v8xokw\" tabindex=\"0\" role=\"link\" href=\"https:\/\/www.facebook.com\/hashtag\/telegram_kanal%C4%B1m%C4%B1z?__eep__=6&amp;__cft__[0]=AZWwFCMFDDnJkLkT5KaqcwZUyo9FVEWHgiOv30sXY0QJ6YkshsWX0sSJBP5GUR32IvDJZuWkt2gd_LykJ8dCirH64VTCmJ5A-zzNaAB8yNdh0dcC08VZIyX7iCF7yxMslgqPoRaqvQU707v-8Po1PZ37kow7aYFs03lu2XYWsbD1GQ&amp;__tn__=*NK-R\">#Telegram_Kanal\u0131m\u0131z<\/a>:\u00a0<a class=\"oajrlxb2 g5ia77u1 qu0x051f esr5mh6w e9989ue4 r7d6kgcz rq0escxv nhd2j8a9 nc684nl6 p7hjln8o kvgmc6g5 cxmmr5t8 oygrvhab hcukyx3x jb3vyjys rz4wbd8a qt6c0cv9 a8nywdso i1ao9s8h esuyzwwr f1sip0of lzcic4wl gpro0wi8 py34i1dx\" tabindex=\"0\" role=\"link\" href=\"https:\/\/t.me\/SuriyeArapHaberAjans?fbclid=IwAR3YVAs1rXgppql6UnJphnzUwS2kq6eK4CPlELC2-jAP13fGfijPx6yYMF0\" target=\"_blank\" rel=\"nofollow noopener\">https:\/\/t.me\/SuriyeArapHaberAjans<\/a><\/p>\n","protected":false},"excerpt":{"rendered":"<p>HASEKE \u2013 Tel Temr santrali, T\u00fcrk i\u015fgal g\u00fc\u00e7lerinin b\u00f6lgeye top mermisi sald\u0131r\u0131s\u0131 sonucu istasyonu besleyen 66 KV gerilim hatt\u0131n\u0131n hasar g\u00f6rmesi sonucunda hizmet d\u0131\u015f\u0131 kald\u0131. Elektrik \u015eirketi Genel M\u00fcd\u00fcr\u00fc M\u00fch. Enver Ukla, SANA muhabirine yapt\u0131\u011f\u0131 a\u00e7\u0131klamada,Haseke\u2019nin bat\u0131s\u0131ndaki Tel Temr beldesinin kuzey ve kuzeybat\u0131 k\u0131rsal\u0131nda yer alan b\u00f6lgenin T\u00fcrk sald\u0131r\u0131s\u0131na maruz kald\u0131\u011f\u0131n\u0131 belirtirken, bunun istasyonu besleyen &hellip;<\/p>\n","protected":false},"author":36,"featured_media":261692,"comment_status":"closed","ping_status":"closed","sticky":false,"template":"","format":"standard","meta":{"footnotes":""},"categories":[479,575,17988,2554,2555,478],"tags":[],"class_list":["post-261691","post","type-post","status-publish","format-standard","has-post-thumbnail","","category-haberler-yerel","category-olaylar-ve-gercekler","category-son-haberler","category-suriye-ve-dunya","category-suriye-ve-turkiye","category-yerel"],"_links":{"self":[{"href":"https:\/\/archive.sana.sy\/tr\/index.php?rest_route=\/wp\/v2\/posts\/261691","targetHints":{"allow":["GET"]}}],"collection":[{"href":"https:\/\/archive.sana.sy\/tr\/index.php?rest_route=\/wp\/v2\/posts"}],"about":[{"href":"https:\/\/archive.sana.sy\/tr\/index.php?rest_route=\/wp\/v2\/types\/post"}],"author":[{"embeddable":true,"href":"https:\/\/archive.sana.sy\/tr\/index.php?rest_route=\/wp\/v2\/users\/36"}],"replies":[{"embeddable":true,"href":"https:\/\/archive.sana.sy\/tr\/index.php?rest_route=%2Fwp%2Fv2%2Fcomments&post=261691"}],"version-history":[{"count":0,"href":"https:\/\/archive.sana.sy\/tr\/index.php?rest_route=\/wp\/v2\/posts\/261691\/revisions"}],"wp:featuredmedia":[{"embeddable":true,"href":"https:\/\/archive.sana.sy\/tr\/index.php?rest_route=\/wp\/v2\/media\/261692"}],"wp:attachment":[{"href":"https:\/\/archive.sana.sy\/tr\/index.php?rest_route=%2Fwp%2Fv2%2Fmedia&parent=261691"}],"wp:term":[{"taxonomy":"category","embeddable":true,"href":"https:\/\/archive.sana.sy\/tr\/index.php?rest_route=%2Fwp%2Fv2%2Fcategories&post=261691"},{"taxonomy":"post_tag","embeddable":true,"href":"https:\/\/archive.sana.sy\/tr\/index.php?rest_route=%2Fwp%2Fv2%2Ftags&post=261691"}],"curies":[{"name":"wp","href":"https:\/\/api.w.org\/{rel}","templated":true}]}}