{"id":261705,"date":"2022-09-02T23:36:20","date_gmt":"2022-09-02T20:36:20","guid":{"rendered":"http:\/\/107.6.182.27\/tr\/?p=261705"},"modified":"2022-09-04T08:44:48","modified_gmt":"2022-09-04T05:44:48","slug":"isgalci-turkiye-ve-kiraliklari-rakka-kirsalini-roketlerle-hedef-aldi","status":"publish","type":"post","link":"https:\/\/archive.sana.sy\/tr\/?p=261705","title":{"rendered":"\u0130\u015fgalci T\u00fcrkiye Ve Kiral\u0131klar\u0131 Rakka K\u0131rsal\u0131n\u0131 Roketlerle Hedef Ald\u0131"},"content":{"rendered":"<p style=\"text-align: justify;\">RAKKA \u2013 \u0130\u015fgalci T\u00fcrk kuvvetlerince destekli ter\u00f6rist gruplar Rakka kuzey k\u0131rsal\u0131ndaki sivil yerle\u015fim alanlar\u0131n\u0131 a\u011f\u0131r top mermileriyle hedef ald\u0131.<\/p>\n<p style=\"text-align: justify;\">B\u00f6lgeden yerel kaynaklar, i\u015fgalci T\u00fcrk kuvvetlerinin emirleri alt\u0131nda \u00e7al\u0131\u015fan ter\u00f6rist gruplar\u0131n a\u011f\u0131r top mermileriyle kuzey k\u0131rsal\u0131ndaki Ayn \u0130sa beldesinin \u00e7evresini ve uluslararas\u0131 yolu hedef ald\u0131klar\u0131n\u0131 s\u00f6yledi.<\/p>\n<p style=\"text-align: justify;\">Kaynaklar, hedef almalar sonucunda baz\u0131 ev ve m\u00fclklerde maddi zararlara, vatanda\u015flar aras\u0131nda da korku ve endi\u015feye yol a\u00e7t\u0131\u011f\u0131na i\u015faret etti.<\/p>\n<p><a class=\"qi72231t nu7423ey n3hqoq4p r86q59rh b3qcqh3k fq87ekyn bdao358l fsf7x5fv rse6dlih s5oniofx m8h3af8h l7ghb35v kjdc1dyq kmwttqpk srn514ro oxkhqvkx rl78xhln nch0832m cr00lzj9 rn8ck1ys s3jn8y49 icdlwmnq cxfqmxzd d1w2l3lo tes86rjd\" tabindex=\"0\" role=\"link\" href=\"https:\/\/www.facebook.com\/hashtag\/telegram_kanal%C4%B1m%C4%B1z?__eep__=6&amp;__cft__[0]=AZUSm-d-cPY_Et8spWr_zVi0DlKutez9IqBJyz7d8Xex6BGTkqnZGf_1MSIeIL-FyA4J3pCzhvZh4mgcdaT0oM2cY5hR7KtuhTc1CunCtHZ8KQNEN6KlUBlNlzYyC0IA5R4&amp;__tn__=*NK-R\">#Telegram_Kanal\u0131m\u0131z<\/a>:\u00a0<a class=\"qi72231t nu7423ey n3hqoq4p r86q59rh b3qcqh3k fq87ekyn bdao358l fsf7x5fv rse6dlih s5oniofx m8h3af8h l7ghb35v kjdc1dyq kmwttqpk srn514ro oxkhqvkx rl78xhln nch0832m cr00lzj9 rn8ck1ys s3jn8y49 icdlwmnq cxfqmxzd ezidihy3\" tabindex=\"0\" role=\"link\" href=\"https:\/\/t.me\/SuriyeArapHaberAjans?fbclid=IwAR1XXGdZjq0k_iF0MZorL9TJCqo1_8aTBye1UmRFXMVSoQyRm83GYdJjBoY\" target=\"_blank\" rel=\"nofollow noopener\">https:\/\/t.me\/SuriyeArapHaberAjans<\/a><\/p>\n","protected":false},"excerpt":{"rendered":"<p>RAKKA \u2013 \u0130\u015fgalci T\u00fcrk kuvvetlerince destekli ter\u00f6rist gruplar Rakka kuzey k\u0131rsal\u0131ndaki sivil yerle\u015fim alanlar\u0131n\u0131 a\u011f\u0131r top mermileriyle hedef ald\u0131. B\u00f6lgeden yerel kaynaklar, i\u015fgalci T\u00fcrk kuvvetlerinin emirleri alt\u0131nda \u00e7al\u0131\u015fan ter\u00f6rist gruplar\u0131n a\u011f\u0131r top mermileriyle kuzey k\u0131rsal\u0131ndaki Ayn \u0130sa beldesinin \u00e7evresini ve uluslararas\u0131 yolu hedef ald\u0131klar\u0131n\u0131 s\u00f6yledi. Kaynaklar, hedef almalar sonucunda baz\u0131 ev ve m\u00fclklerde maddi zararlara, &hellip;<\/p>\n","protected":false},"author":1,"featured_media":261707,"comment_status":"closed","ping_status":"closed","sticky":false,"template":"","format":"standard","meta":{"footnotes":""},"categories":[479,575,17988,478],"tags":[],"class_list":["post-261705","post","type-post","status-publish","format-standard","has-post-thumbnail","","category-haberler-yerel","category-olaylar-ve-gercekler","category-son-haberler","category-yerel"],"_links":{"self":[{"href":"https:\/\/archive.sana.sy\/tr\/index.php?rest_route=\/wp\/v2\/posts\/261705","targetHints":{"allow":["GET"]}}],"collection":[{"href":"https:\/\/archive.sana.sy\/tr\/index.php?rest_route=\/wp\/v2\/posts"}],"about":[{"href":"https:\/\/archive.sana.sy\/tr\/index.php?rest_route=\/wp\/v2\/types\/post"}],"author":[{"embeddable":true,"href":"https:\/\/archive.sana.sy\/tr\/index.php?rest_route=\/wp\/v2\/users\/1"}],"replies":[{"embeddable":true,"href":"https:\/\/archive.sana.sy\/tr\/index.php?rest_route=%2Fwp%2Fv2%2Fcomments&post=261705"}],"version-history":[{"count":0,"href":"https:\/\/archive.sana.sy\/tr\/index.php?rest_route=\/wp\/v2\/posts\/261705\/revisions"}],"wp:featuredmedia":[{"embeddable":true,"href":"https:\/\/archive.sana.sy\/tr\/index.php?rest_route=\/wp\/v2\/media\/261707"}],"wp:attachment":[{"href":"https:\/\/archive.sana.sy\/tr\/index.php?rest_route=%2Fwp%2Fv2%2Fmedia&parent=261705"}],"wp:term":[{"taxonomy":"category","embeddable":true,"href":"https:\/\/archive.sana.sy\/tr\/index.php?rest_route=%2Fwp%2Fv2%2Fcategories&post=261705"},{"taxonomy":"post_tag","embeddable":true,"href":"https:\/\/archive.sana.sy\/tr\/index.php?rest_route=%2Fwp%2Fv2%2Ftags&post=261705"}],"curies":[{"name":"wp","href":"https:\/\/api.w.org\/{rel}","templated":true}]}}