{"id":261709,"date":"2022-09-02T23:38:38","date_gmt":"2022-09-02T20:38:38","guid":{"rendered":"http:\/\/107.6.182.27\/tr\/?p=261709"},"modified":"2022-09-04T08:45:25","modified_gmt":"2022-09-04T05:45:25","slug":"sehit-iyad-ibrahim-ve-dreykis-vatan-hastaneleri-vatandaslara-binlerce-saglik-hizmeti-veriyor","status":"publish","type":"post","link":"https:\/\/archive.sana.sy\/tr\/?p=261709","title":{"rendered":"\u015eehit \u0130yad \u0130brahim ve Dreyki\u015f Vatan Hastaneleri Vatanda\u015flara Binlerce Sa\u011fl\u0131k Hizmeti Veriyor"},"content":{"rendered":"<p style=\"text-align: justify;\">TARTUS &#8211; Sa\u011fl\u0131k Bakan\u0131 Dr. Hasan Al \u011eabba\u015f, Baniyas&#8217;taki \u015eehit \u0130yad \u0130brahim Hastanesi ve Dreyki\u015f Vatan Hastanesi&#8217;nde \u00e7al\u0131\u015fmalar\u0131n seyri ve sa\u011fl\u0131k hizmetlerinin sa\u011flanmas\u0131 hakk\u0131nda bilgi ald\u0131 ve i\u00e7indeki t\u0131bbi personelin haz\u0131r olup olmad\u0131\u011f\u0131 konusunda yetkililerden bilgi ald\u0131.<\/p>\n<p style=\"text-align: justify;\">\u015eehit \u0130yad \u0130brahim Hastanesi Genel M\u00fcd\u00fcr\u00fc Dr. \u0130mad Be\u015f\u015fur SANA muhabirine yapt\u0131\u011f\u0131 a\u00e7\u0131klamada, hastanenin Tartus ve Lazkiye illerinden Banyas ve \u00e7evresi halk\u0131na y\u0131lda yakla\u015f\u0131k 800 bin sa\u011fl\u0131k hizmeti sundu\u011funu belirtti.<\/p>\n<p style=\"text-align: justify;\">Be\u015f\u015fur, kad\u0131n cerrahisi b\u00f6l\u00fcm\u00fc, pediatri b\u00f6l\u00fcm\u00fc, mutfak ve restoran\u0131n restorasyonunun yan\u0131 s\u0131ra ambulans b\u00f6l\u00fcm\u00fcn\u00fcn de tamamen ta\u015f\u0131n\u0131p modernize edildi\u011fine dikkat \u00e7ekti.<\/p>\n<p><a class=\"qi72231t nu7423ey n3hqoq4p r86q59rh b3qcqh3k fq87ekyn bdao358l fsf7x5fv rse6dlih s5oniofx m8h3af8h l7ghb35v kjdc1dyq kmwttqpk srn514ro oxkhqvkx rl78xhln nch0832m cr00lzj9 rn8ck1ys s3jn8y49 icdlwmnq cxfqmxzd d1w2l3lo tes86rjd\" tabindex=\"0\" role=\"link\" href=\"https:\/\/www.facebook.com\/hashtag\/telegram_kanal%C4%B1m%C4%B1z?__eep__=6&amp;__cft__[0]=AZUSm-d-cPY_Et8spWr_zVi0DlKutez9IqBJyz7d8Xex6BGTkqnZGf_1MSIeIL-FyA4J3pCzhvZh4mgcdaT0oM2cY5hR7KtuhTc1CunCtHZ8KQNEN6KlUBlNlzYyC0IA5R4&amp;__tn__=*NK-R\">#Telegram_Kanal\u0131m\u0131z<\/a>:\u00a0<a class=\"qi72231t nu7423ey n3hqoq4p r86q59rh b3qcqh3k fq87ekyn bdao358l fsf7x5fv rse6dlih s5oniofx m8h3af8h l7ghb35v kjdc1dyq kmwttqpk srn514ro oxkhqvkx rl78xhln nch0832m cr00lzj9 rn8ck1ys s3jn8y49 icdlwmnq cxfqmxzd ezidihy3\" tabindex=\"0\" role=\"link\" href=\"https:\/\/t.me\/SuriyeArapHaberAjans?fbclid=IwAR1XXGdZjq0k_iF0MZorL9TJCqo1_8aTBye1UmRFXMVSoQyRm83GYdJjBoY\" target=\"_blank\" rel=\"nofollow noopener\">https:\/\/t.me\/SuriyeArapHaberAjans<\/a><\/p>\n","protected":false},"excerpt":{"rendered":"<p>TARTUS &#8211; Sa\u011fl\u0131k Bakan\u0131 Dr. Hasan Al \u011eabba\u015f, Baniyas&#8217;taki \u015eehit \u0130yad \u0130brahim Hastanesi ve Dreyki\u015f Vatan Hastanesi&#8217;nde \u00e7al\u0131\u015fmalar\u0131n seyri ve sa\u011fl\u0131k hizmetlerinin sa\u011flanmas\u0131 hakk\u0131nda bilgi ald\u0131 ve i\u00e7indeki t\u0131bbi personelin haz\u0131r olup olmad\u0131\u011f\u0131 konusunda yetkililerden bilgi ald\u0131. \u015eehit \u0130yad \u0130brahim Hastanesi Genel M\u00fcd\u00fcr\u00fc Dr. \u0130mad Be\u015f\u015fur SANA muhabirine yapt\u0131\u011f\u0131 a\u00e7\u0131klamada, hastanenin Tartus ve Lazkiye illerinden &hellip;<\/p>\n","protected":false},"author":1,"featured_media":261710,"comment_status":"closed","ping_status":"closed","sticky":false,"template":"","format":"standard","meta":{"footnotes":""},"categories":[479,17988,525,478],"tags":[],"class_list":["post-261709","post","type-post","status-publish","format-standard","has-post-thumbnail","","category-haberler-yerel","category-son-haberler","category-toplum","category-yerel"],"_links":{"self":[{"href":"https:\/\/archive.sana.sy\/tr\/index.php?rest_route=\/wp\/v2\/posts\/261709","targetHints":{"allow":["GET"]}}],"collection":[{"href":"https:\/\/archive.sana.sy\/tr\/index.php?rest_route=\/wp\/v2\/posts"}],"about":[{"href":"https:\/\/archive.sana.sy\/tr\/index.php?rest_route=\/wp\/v2\/types\/post"}],"author":[{"embeddable":true,"href":"https:\/\/archive.sana.sy\/tr\/index.php?rest_route=\/wp\/v2\/users\/1"}],"replies":[{"embeddable":true,"href":"https:\/\/archive.sana.sy\/tr\/index.php?rest_route=%2Fwp%2Fv2%2Fcomments&post=261709"}],"version-history":[{"count":0,"href":"https:\/\/archive.sana.sy\/tr\/index.php?rest_route=\/wp\/v2\/posts\/261709\/revisions"}],"wp:featuredmedia":[{"embeddable":true,"href":"https:\/\/archive.sana.sy\/tr\/index.php?rest_route=\/wp\/v2\/media\/261710"}],"wp:attachment":[{"href":"https:\/\/archive.sana.sy\/tr\/index.php?rest_route=%2Fwp%2Fv2%2Fmedia&parent=261709"}],"wp:term":[{"taxonomy":"category","embeddable":true,"href":"https:\/\/archive.sana.sy\/tr\/index.php?rest_route=%2Fwp%2Fv2%2Fcategories&post=261709"},{"taxonomy":"post_tag","embeddable":true,"href":"https:\/\/archive.sana.sy\/tr\/index.php?rest_route=%2Fwp%2Fv2%2Ftags&post=261709"}],"curies":[{"name":"wp","href":"https:\/\/api.w.org\/{rel}","templated":true}]}}