{"id":261712,"date":"2022-09-02T23:40:44","date_gmt":"2022-09-02T20:40:44","guid":{"rendered":"http:\/\/107.6.182.27\/tr\/?p=261712"},"modified":"2022-09-04T08:45:58","modified_gmt":"2022-09-04T05:45:58","slug":"isgalci-turk-saldirilari-sonucunda-duran-tel-temr-elektrik-santrali-yeniden-hizmete-girdi","status":"publish","type":"post","link":"https:\/\/archive.sana.sy\/tr\/?p=261712","title":{"rendered":"\u0130\u015fgalci T\u00fcrk Sald\u0131r\u0131lar\u0131 Sonucunda Duran Tel Temr Elektrik Santrali Yeniden Hizmete Girdi"},"content":{"rendered":"<p style=\"text-align: justify;\">HASEKE &#8211; Haseke&#8217;nin bat\u0131 k\u0131rsal\u0131ndaki Tel Temr santralini besleyen 66 kV gerilim hatt\u0131n\u0131n, b\u00f6lgedeki k\u00f6ylere y\u00f6nelik T\u00fcrk sald\u0131r\u0131s\u0131 sonucu d\u00fcn hizmet d\u0131\u015f\u0131 kalmas\u0131ndan sonra, onar\u0131m \u00e7al\u0131\u015fmalar\u0131n\u0131n tamamlanmas\u0131yla yeniden hizmete ba\u015flad\u0131.<\/p>\n<p style=\"text-align: justify;\">Haseke Elektrik \u015eirketi Genel M\u00fcd\u00fcr\u00fc M\u00fch. Enver Ukla, Haseke&#8217;nin bat\u0131 k\u0131rsal\u0131ndaki Tel Temr&#8217;in kuzeyindeki Umm al Keyf k\u00f6y\u00fcne T\u00fcrk sald\u0131r\u0131s\u0131 sonucu aktarma istasyonuna yak\u0131n bir faz\u0131n kesilmesiyle sonu\u00e7lanan 66 kV gerilim hatt\u0131n\u0131n \u0131slah edildi\u011fini belirtti.<\/p>\n<p style=\"text-align: justify;\">Tel Temr aktarma santrali, Tel Temr k\u00f6yleri ve ona ba\u011fl\u0131 k\u00f6ylerle sivil yerle\u015fim alanlar\u0131ndan Abu Raseyn ve k\u00f6ylerine kadar besliyor.<\/p>\n<p><a class=\"qi72231t nu7423ey n3hqoq4p r86q59rh b3qcqh3k fq87ekyn bdao358l fsf7x5fv rse6dlih s5oniofx m8h3af8h l7ghb35v kjdc1dyq kmwttqpk srn514ro oxkhqvkx rl78xhln nch0832m cr00lzj9 rn8ck1ys s3jn8y49 icdlwmnq cxfqmxzd d1w2l3lo tes86rjd\" tabindex=\"0\" role=\"link\" href=\"https:\/\/www.facebook.com\/hashtag\/telegram_kanal%C4%B1m%C4%B1z?__eep__=6&amp;__cft__[0]=AZUSm-d-cPY_Et8spWr_zVi0DlKutez9IqBJyz7d8Xex6BGTkqnZGf_1MSIeIL-FyA4J3pCzhvZh4mgcdaT0oM2cY5hR7KtuhTc1CunCtHZ8KQNEN6KlUBlNlzYyC0IA5R4&amp;__tn__=*NK-R\">#Telegram_Kanal\u0131m\u0131z<\/a>:\u00a0<a class=\"qi72231t nu7423ey n3hqoq4p r86q59rh b3qcqh3k fq87ekyn bdao358l fsf7x5fv rse6dlih s5oniofx m8h3af8h l7ghb35v kjdc1dyq kmwttqpk srn514ro oxkhqvkx rl78xhln nch0832m cr00lzj9 rn8ck1ys s3jn8y49 icdlwmnq cxfqmxzd ezidihy3\" tabindex=\"0\" role=\"link\" href=\"https:\/\/t.me\/SuriyeArapHaberAjans?fbclid=IwAR1XXGdZjq0k_iF0MZorL9TJCqo1_8aTBye1UmRFXMVSoQyRm83GYdJjBoY\" target=\"_blank\" rel=\"nofollow noopener\">https:\/\/t.me\/SuriyeArapHaberAjans<\/a><\/p>\n","protected":false},"excerpt":{"rendered":"<p>HASEKE &#8211; Haseke&#8217;nin bat\u0131 k\u0131rsal\u0131ndaki Tel Temr santralini besleyen 66 kV gerilim hatt\u0131n\u0131n, b\u00f6lgedeki k\u00f6ylere y\u00f6nelik T\u00fcrk sald\u0131r\u0131s\u0131 sonucu d\u00fcn hizmet d\u0131\u015f\u0131 kalmas\u0131ndan sonra, onar\u0131m \u00e7al\u0131\u015fmalar\u0131n\u0131n tamamlanmas\u0131yla yeniden hizmete ba\u015flad\u0131. Haseke Elektrik \u015eirketi Genel M\u00fcd\u00fcr\u00fc M\u00fch. Enver Ukla, Haseke&#8217;nin bat\u0131 k\u0131rsal\u0131ndaki Tel Temr&#8217;in kuzeyindeki Umm al Keyf k\u00f6y\u00fcne T\u00fcrk sald\u0131r\u0131s\u0131 sonucu aktarma istasyonuna yak\u0131n bir &hellip;<\/p>\n","protected":false},"author":1,"featured_media":261713,"comment_status":"closed","ping_status":"closed","sticky":false,"template":"","format":"standard","meta":{"footnotes":""},"categories":[516,479,575,17988,2555,478],"tags":[],"class_list":["post-261712","post","type-post","status-publish","format-standard","has-post-thumbnail","","category-haberler-kultur-ve-sanat","category-haberler-yerel","category-olaylar-ve-gercekler","category-son-haberler","category-suriye-ve-turkiye","category-yerel"],"_links":{"self":[{"href":"https:\/\/archive.sana.sy\/tr\/index.php?rest_route=\/wp\/v2\/posts\/261712","targetHints":{"allow":["GET"]}}],"collection":[{"href":"https:\/\/archive.sana.sy\/tr\/index.php?rest_route=\/wp\/v2\/posts"}],"about":[{"href":"https:\/\/archive.sana.sy\/tr\/index.php?rest_route=\/wp\/v2\/types\/post"}],"author":[{"embeddable":true,"href":"https:\/\/archive.sana.sy\/tr\/index.php?rest_route=\/wp\/v2\/users\/1"}],"replies":[{"embeddable":true,"href":"https:\/\/archive.sana.sy\/tr\/index.php?rest_route=%2Fwp%2Fv2%2Fcomments&post=261712"}],"version-history":[{"count":0,"href":"https:\/\/archive.sana.sy\/tr\/index.php?rest_route=\/wp\/v2\/posts\/261712\/revisions"}],"wp:featuredmedia":[{"embeddable":true,"href":"https:\/\/archive.sana.sy\/tr\/index.php?rest_route=\/wp\/v2\/media\/261713"}],"wp:attachment":[{"href":"https:\/\/archive.sana.sy\/tr\/index.php?rest_route=%2Fwp%2Fv2%2Fmedia&parent=261712"}],"wp:term":[{"taxonomy":"category","embeddable":true,"href":"https:\/\/archive.sana.sy\/tr\/index.php?rest_route=%2Fwp%2Fv2%2Fcategories&post=261712"},{"taxonomy":"post_tag","embeddable":true,"href":"https:\/\/archive.sana.sy\/tr\/index.php?rest_route=%2Fwp%2Fv2%2Ftags&post=261712"}],"curies":[{"name":"wp","href":"https:\/\/api.w.org\/{rel}","templated":true}]}}