{"id":2618,"date":"2014-06-07T22:17:14","date_gmt":"2014-06-07T19:17:14","guid":{"rendered":"http:\/\/sanasyria.org\/tr\/?p=2618"},"modified":"2014-06-11T13:09:19","modified_gmt":"2014-06-11T10:09:19","slug":"maduro-putin-ve-kim-el-esadi-tebrik-etti","status":"publish","type":"post","link":"https:\/\/archive.sana.sy\/tr\/?p=2618","title":{"rendered":"Maduro, Putin ve Kim el Esad\u2019\u0131 Tebrik Etti"},"content":{"rendered":"<p style=\"direction: ltr\"><span style=\"color: #800000\">\u015eAM<\/span> \u2013 Cumhurba\u015fkan\u0131 Be\u015f\u015far el Esad d\u00fcn ak\u015fam Venez\u00fcella Cumhurba\u015fkan\u0131 Nicolas Maduro\u2019dan bir telefon g\u00f6r\u00fc\u015fmesi al\u0131rken, Rusya Federasyonu Ba\u015fkan\u0131 Vladimir Putin ve Demokratik Kore Halk Cumhuriyeti Cumhurba\u015fkan\u0131 Kim Jong-un\u2019dan kutlama mektuplar\u0131 ald\u0131.<\/p>\n<p style=\"direction: ltr\">Telefon g\u00f6r\u00fc\u015fmesinde Maduro; Suriye halk\u0131 i\u00e7in siyasi bir zafer te\u015fkil eden cumhurba\u015fkanl\u0131\u011f\u0131 se\u00e7imlerinde Suriyelilerin yurti\u00e7inde ve yurtd\u0131\u015f\u0131nda sa\u011flad\u0131klar\u0131 kat\u0131l\u0131m ve sergiledikleri tutumun ter\u00f6r gruplar\u0131 ve destekleyicilerine kar\u015f\u0131 m\u00fccadelede b\u00fcy\u00fck bir g\u00fc\u00e7 ve \u00f6nemli mesaj te\u015fkil etti\u011fini belirtti.<\/p>\n<p style=\"direction: ltr\">Kendi taraf\u0131ndan el Esad; Suriye&#8217;de g\u00fcvenlik ve istikrar\u0131 sabote etme \u00e7abalar\u0131yla birlikte ter\u00f6re kar\u015f\u0131 sava\u015f\u0131nda Suriye halk\u0131n\u0131n yan\u0131nda olan ve destekleyen sabit ilkeli tutumlar\u0131ndan dolay\u0131 dost Venez\u00fcella halk\u0131 ve Cumhurba\u015fkan\u0131 Maduro\u2019ya \u015f\u00fckranlar\u0131n\u0131 ifade etti.<\/p>\n<p style=\"direction: ltr\">Venez\u00fcella D\u0131\u015fi\u015fleri Bakanl\u0131\u011f\u0131 Per\u015fembe ak\u015fam\u0131 yay\u0131nlad\u0131\u011f\u0131 beyan\u0131nda Cumhurba\u015fkan\u0131 Maduro\u2019n\u0131n se\u00e7imleri kazanmas\u0131ndan dolay\u0131 el Esad\u2019a tebriklerini ifade etmi\u015fti.<\/p>\n<p style=\"direction: ltr\">Bu arada Rusya Federasyonu Ba\u015fkan\u0131 Vladimir Putin; Suriye&#8217;de yo\u011fun kat\u0131l\u0131m\u0131n sa\u011fland\u0131\u011f\u0131 cumhurba\u015fkanl\u0131\u011f\u0131 se\u00e7imlerini kazanmas\u0131 m\u00fcnasebetiyle Cumhurba\u015fkan\u0131 Be\u015f\u015far el Esad&#8217;a kutlama mektubu g\u00f6nderdi.<\/p>\n<p style=\"direction: ltr\">Putin mektubunda se\u00e7im sonu\u00e7lar\u0131n\u0131n Suriye halk\u0131n\u0131n el Esad\u2019a g\u00fcvenini a\u00e7\u0131k bir \u015fekilde belirtti\u011fine dikkat \u00e7ekerek, Suriyelilerin hayr\u0131na Suriye&#8217;yi y\u00f6netmede el Esad\u2019a ba\u015far\u0131lar\u0131n\u0131n devam\u0131n\u0131 temenni etti.<\/p>\n<p style=\"direction: ltr\">El Esad cumhurba\u015fkanl\u0131\u011f\u0131 se\u00e7imlerini kazanmas\u0131 m\u00fcnasebetiyle ayr\u0131ca Demokratik Kore Halk Cumhuriyeti Cumhurba\u015fkan\u0131 ve Ulusal Savunma Komitesi Birinci Ba\u015fkan\u0131 Kim Jong-un\u2019dan da bir kutlama mektubu teslim ald\u0131.<\/p>\n<p style=\"direction: ltr\">Kim Mektubunda se\u00e7imlerin Suriye halk\u0131n\u0131n kendisine d\u00fc\u015fman t\u00fcm g\u00fc\u00e7ler taraf\u0131ndan maruz kald\u0131\u011f\u0131 zorluklar\u0131 yenmekle birlikte ulusal egemenli\u011fi koruma ve vatan\u0131na g\u00fcvenlik ve istikrar\u0131 yeniden sa\u011flama m\u00fccadelesinde \u00f6nemli bir ad\u0131m\u0131 te\u015fkil etti\u011fini vurgulad\u0131.<\/p>\n","protected":false},"excerpt":{"rendered":"<p>\u015eAM \u2013 Cumhurba\u015fkan\u0131 Be\u015f\u015far el Esad d\u00fcn ak\u015fam Venez\u00fcella Cumhurba\u015fkan\u0131 Nicolas Maduro\u2019dan bir telefon g\u00f6r\u00fc\u015fmesi al\u0131rken, Rusya Federasyonu Ba\u015fkan\u0131 Vladimir Putin ve Demokratik Kore Halk Cumhuriyeti Cumhurba\u015fkan\u0131 Kim Jong-un\u2019dan kutlama mektuplar\u0131 ald\u0131. Telefon g\u00f6r\u00fc\u015fmesinde Maduro; Suriye halk\u0131 i\u00e7in siyasi bir zafer te\u015fkil eden cumhurba\u015fkanl\u0131\u011f\u0131 se\u00e7imlerinde Suriyelilerin yurti\u00e7inde ve yurtd\u0131\u015f\u0131nda sa\u011flad\u0131klar\u0131 kat\u0131l\u0131m ve sergiledikleri tutumun ter\u00f6r &hellip;<\/p>\n","protected":false},"author":1,"featured_media":2619,"comment_status":"closed","ping_status":"closed","sticky":false,"template":"","format":"standard","meta":{"footnotes":""},"categories":[479,478],"tags":[586,587],"class_list":["post-2618","post","type-post","status-publish","format-standard","has-post-thumbnail","","category-haberler-yerel","category-yerel","tag-maduro","tag-putin-ve-kim-el-esadi-tebrik-etti"],"_links":{"self":[{"href":"https:\/\/archive.sana.sy\/tr\/index.php?rest_route=\/wp\/v2\/posts\/2618","targetHints":{"allow":["GET"]}}],"collection":[{"href":"https:\/\/archive.sana.sy\/tr\/index.php?rest_route=\/wp\/v2\/posts"}],"about":[{"href":"https:\/\/archive.sana.sy\/tr\/index.php?rest_route=\/wp\/v2\/types\/post"}],"author":[{"embeddable":true,"href":"https:\/\/archive.sana.sy\/tr\/index.php?rest_route=\/wp\/v2\/users\/1"}],"replies":[{"embeddable":true,"href":"https:\/\/archive.sana.sy\/tr\/index.php?rest_route=%2Fwp%2Fv2%2Fcomments&post=2618"}],"version-history":[{"count":0,"href":"https:\/\/archive.sana.sy\/tr\/index.php?rest_route=\/wp\/v2\/posts\/2618\/revisions"}],"wp:featuredmedia":[{"embeddable":true,"href":"https:\/\/archive.sana.sy\/tr\/index.php?rest_route=\/wp\/v2\/media\/2619"}],"wp:attachment":[{"href":"https:\/\/archive.sana.sy\/tr\/index.php?rest_route=%2Fwp%2Fv2%2Fmedia&parent=2618"}],"wp:term":[{"taxonomy":"category","embeddable":true,"href":"https:\/\/archive.sana.sy\/tr\/index.php?rest_route=%2Fwp%2Fv2%2Fcategories&post=2618"},{"taxonomy":"post_tag","embeddable":true,"href":"https:\/\/archive.sana.sy\/tr\/index.php?rest_route=%2Fwp%2Fv2%2Ftags&post=2618"}],"curies":[{"name":"wp","href":"https:\/\/api.w.org\/{rel}","templated":true}]}}