{"id":261822,"date":"2022-09-04T08:35:52","date_gmt":"2022-09-04T05:35:52","guid":{"rendered":"http:\/\/107.6.182.27\/tr\/?p=261822"},"modified":"2022-09-05T08:39:49","modified_gmt":"2022-09-05T05:39:49","slug":"israil-isgal-gucleri-bati-yakada-3-filistinliyi-tutukladi-8","status":"publish","type":"post","link":"https:\/\/archive.sana.sy\/tr\/?p=261822","title":{"rendered":"\u0130srail \u0130\u015fgal G\u00fc\u00e7leri, Bat\u0131 Yaka&#8217;da 3 Filistinliyi Tutuklad\u0131"},"content":{"rendered":"<p>\u0130\u015eGAL ED\u0130LEN KUD\u00dcS \u2013 \u0130srail i\u015fgal g\u00fc\u00e7leri, Bat\u0131 Yaka&#8217;n\u0131n farkl\u0131 b\u00f6lgelerinde 3 Filistinliyi tutuklad\u0131.<\/p>\n<p>Filistinli medyas\u0131, i\u015fgal g\u00fc\u00e7lerinin, Ramalla&#8217;n\u0131n El Ma\u011fir k\u00f6y\u00fc ve Nablus kentinde birka\u00e7 mahalleyi bast\u0131\u011f\u0131n\u0131 ve 3 Filistinliyi tutuklad\u0131\u011f\u0131n\u0131 belirtti.<\/p>\n<p><a class=\"qi72231t nu7423ey n3hqoq4p r86q59rh b3qcqh3k fq87ekyn bdao358l fsf7x5fv rse6dlih s5oniofx m8h3af8h l7ghb35v kjdc1dyq kmwttqpk srn514ro oxkhqvkx rl78xhln nch0832m cr00lzj9 rn8ck1ys s3jn8y49 icdlwmnq cxfqmxzd d1w2l3lo tes86rjd\" tabindex=\"0\" role=\"link\" href=\"https:\/\/www.facebook.com\/hashtag\/telegram_kanal%C4%B1m%C4%B1z?__eep__=6&amp;__cft__[0]=AZWOycqPutUXH3Z6FtADfCc_jkBTi83X55En5NhihBRYm5xOVq26ntTm4zhvQAnb0DdJgD_aH2rOrJ4dqXLqMOmXpJMEk0KbWQXcooOM7q1ZqhnlznBgo8AujMPz6d5ivVo&amp;__tn__=*NK-R\">#Telegram_Kanal\u0131m\u0131z<\/a>: <a class=\"qi72231t nu7423ey n3hqoq4p r86q59rh b3qcqh3k fq87ekyn bdao358l fsf7x5fv rse6dlih s5oniofx m8h3af8h l7ghb35v kjdc1dyq kmwttqpk srn514ro oxkhqvkx rl78xhln nch0832m cr00lzj9 rn8ck1ys s3jn8y49 icdlwmnq cxfqmxzd ezidihy3\" tabindex=\"0\" role=\"link\" href=\"https:\/\/l.facebook.com\/l.php?u=https%3A%2F%2Ft.me%2FSuriyeArapHaberAjans%3Ffbclid%3DIwAR332uBYU6IHh7cHEXjB8xECpB9tnIaF-woaQOT4OJdsYOCDoPqfz3pOSAQ&amp;h=AT11fG37p5Meo7XToiI-kNA6SGRA1AgMAbPrUZGFbb5Fr-pwHND6n5cvNpzmkIauGCstC02ZESWCdaevqreux4Inl343Habvr6NcL5-wLF08JicXQwWwAxxV9DYGEpstnsQ&amp;__tn__=-UK-R&amp;c[0]=AT3zSKfOlikFDXzvRAHKbSamj2sXD6f6cvLfBiaXAl54uUjjA56EbP1GXY4aRB4wTz_1Af8jnyVRt9DrTPpvMcwhuC25DXjxOqtnyAgwpLPdbwVBbEpiRt4JfT_Pd9-mOq0iROx2uxuoNZQ2Igzje-UE_g\" target=\"_blank\" rel=\"nofollow noopener\">https:\/\/t.me\/SuriyeArapHaberAjans<\/a><\/p>\n","protected":false},"excerpt":{"rendered":"<p>\u0130\u015eGAL ED\u0130LEN KUD\u00dcS \u2013 \u0130srail i\u015fgal g\u00fc\u00e7leri, Bat\u0131 Yaka&#8217;n\u0131n farkl\u0131 b\u00f6lgelerinde 3 Filistinliyi tutuklad\u0131. Filistinli medyas\u0131, i\u015fgal g\u00fc\u00e7lerinin, Ramalla&#8217;n\u0131n El Ma\u011fir k\u00f6y\u00fc ve Nablus kentinde birka\u00e7 mahalleyi bast\u0131\u011f\u0131n\u0131 ve 3 Filistinliyi tutuklad\u0131\u011f\u0131n\u0131 belirtti. #Telegram_Kanal\u0131m\u0131z: https:\/\/t.me\/SuriyeArapHaberAjans<\/p>\n","protected":false},"author":39,"featured_media":261823,"comment_status":"closed","ping_status":"closed","sticky":false,"template":"","format":"standard","meta":{"footnotes":""},"categories":[458,459,17988],"tags":[],"class_list":["post-261822","post","type-post","status-publish","format-standard","has-post-thumbnail","","category-dunya1","category-haberler-arap-uluslararasi-politika","category-son-haberler"],"_links":{"self":[{"href":"https:\/\/archive.sana.sy\/tr\/index.php?rest_route=\/wp\/v2\/posts\/261822","targetHints":{"allow":["GET"]}}],"collection":[{"href":"https:\/\/archive.sana.sy\/tr\/index.php?rest_route=\/wp\/v2\/posts"}],"about":[{"href":"https:\/\/archive.sana.sy\/tr\/index.php?rest_route=\/wp\/v2\/types\/post"}],"author":[{"embeddable":true,"href":"https:\/\/archive.sana.sy\/tr\/index.php?rest_route=\/wp\/v2\/users\/39"}],"replies":[{"embeddable":true,"href":"https:\/\/archive.sana.sy\/tr\/index.php?rest_route=%2Fwp%2Fv2%2Fcomments&post=261822"}],"version-history":[{"count":0,"href":"https:\/\/archive.sana.sy\/tr\/index.php?rest_route=\/wp\/v2\/posts\/261822\/revisions"}],"wp:featuredmedia":[{"embeddable":true,"href":"https:\/\/archive.sana.sy\/tr\/index.php?rest_route=\/wp\/v2\/media\/261823"}],"wp:attachment":[{"href":"https:\/\/archive.sana.sy\/tr\/index.php?rest_route=%2Fwp%2Fv2%2Fmedia&parent=261822"}],"wp:term":[{"taxonomy":"category","embeddable":true,"href":"https:\/\/archive.sana.sy\/tr\/index.php?rest_route=%2Fwp%2Fv2%2Fcategories&post=261822"},{"taxonomy":"post_tag","embeddable":true,"href":"https:\/\/archive.sana.sy\/tr\/index.php?rest_route=%2Fwp%2Fv2%2Ftags&post=261822"}],"curies":[{"name":"wp","href":"https:\/\/api.w.org\/{rel}","templated":true}]}}