{"id":261841,"date":"2022-09-04T18:47:09","date_gmt":"2022-09-04T15:47:09","guid":{"rendered":"http:\/\/107.6.182.27\/tr\/?p=261841"},"modified":"2022-09-06T08:20:19","modified_gmt":"2022-09-06T05:20:19","slug":"cin-disisleri-bakanligi-amerika-suriyedeki-askeri-varligina-son-vermeli-ve-baskici-onlemleri-kaldirmali","status":"publish","type":"post","link":"https:\/\/archive.sana.sy\/tr\/?p=261841","title":{"rendered":"\u00c7in D\u0131\u015fi\u015fleri Bakanl\u0131\u011f\u0131: Amerika Suriye&#8217;deki Askeri Varl\u0131\u011f\u0131na Son Vermeli Ve Bask\u0131c\u0131 \u00d6nlemleri Kald\u0131rmal\u0131"},"content":{"rendered":"<p>PEK\u0130N &#8211; \u00c7in, tek tarafl\u0131 zorlay\u0131c\u0131 tedbirlerin Suriye&#8217;deki insani durumun k\u00f6t\u00fcle\u015fmesi \u00fczerindeki etkisine dikkat \u00e7ekerek, bu g\u00fc\u00e7lerin yasad\u0131\u015f\u0131l\u0131\u011f\u0131n\u0131 ve su\u00e7lar\u0131n\u0131n vah\u015fetini vurgulayarak bir kez daha ABD i\u015fgal g\u00fc\u00e7lerinin Suriye topraklar\u0131ndan \u00e7ekilmesi \u00e7a\u011fr\u0131s\u0131nda bulundu.<\/p>\n<p>\u00c7in D\u0131\u015fi\u015fleri Bakanl\u0131\u011f\u0131, D\u0131\u015fi\u015fleri ve Gurbet\u00e7iler Bakanl\u0131\u011f\u0131&#8217;n\u0131n ABD&#8217;li ajanlar ve ter\u00f6r \u00f6rg\u00fctleriyle i\u015fbirli\u011fi i\u00e7inde Suriye&#8217;deki uygulamalar, ya\u011fma ve y\u0131k\u0131ma ili\u015fkin Birle\u015fmi\u015f Milletler Genel Sekreteri ve G\u00fcvenlik Konseyi Ba\u015fkan\u0131&#8217;na g\u00f6nderdi\u011fi iki mektubu de\u011ferlendiren S\u00f6zc\u00fc Zhao Lijian, bug\u00fcn d\u00fczenledi\u011fi g\u00fcnl\u00fck bas\u0131n toplant\u0131s\u0131nda: \u201c\u00dclke on y\u0131ldan uzun s\u00fcredir devam eden bir krizden ve halk\u0131n\u0131n kar\u015f\u0131 kar\u015f\u0131ya oldu\u011fu ciddi bir insani krizden \u00e7\u0131kmaya \u00e7al\u0131\u015f\u0131rken, Suriye&#8217;de devam eden b\u00fcy\u00fck \u00f6l\u00e7ekli Amerikan ya\u011fmalar\u0131n\u0131 g\u00f6rmek deh\u015fet verici\u201d dedi.<\/p>\n<p>Lijian, ba\u015fta askeri olmak \u00fczere tekrarlanan Amerikan m\u00fcdahalesinin Suriye&#8217;deki siviller aras\u0131nda b\u00fcy\u00fck kay\u0131plara ve milyonlarca insan\u0131n yerinden edilmesinin yan\u0131 s\u0131ra paha bi\u00e7ilmez ekonomik kay\u0131plara neden oldu\u011funa dikkat \u00e7ekerken,\u00a0 bug\u00fcne kadar Amerikan g\u00fc\u00e7lerinin petrol, do\u011falgaz ve di\u011fer devlet kaynaklar\u0131n\u0131 kontrol alt\u0131nda tuttuklar\u0131n\u0131 ve halen ana petrol sahalar\u0131n\u0131 i\u015fgal ettiklerini, \u00fclkenin petrol \u00fcretiminin y\u00fczde 80&#8217;inden fazlas\u0131n\u0131 ya\u011fmalad\u0131klar\u0131n\u0131 ve \u00a0yak\u0131p \u00e7ald\u0131klar\u0131n\u0131 belirtti.<\/p>\n<p><a class=\"qi72231t nu7423ey n3hqoq4p r86q59rh b3qcqh3k fq87ekyn bdao358l fsf7x5fv rse6dlih s5oniofx m8h3af8h l7ghb35v kjdc1dyq kmwttqpk srn514ro oxkhqvkx rl78xhln nch0832m cr00lzj9 rn8ck1ys s3jn8y49 icdlwmnq cxfqmxzd d1w2l3lo tes86rjd\" tabindex=\"0\" role=\"link\" href=\"https:\/\/www.facebook.com\/hashtag\/telegram_kanal%C4%B1m%C4%B1z?__eep__=6&amp;__cft__[0]=AZWOycqPutUXH3Z6FtADfCc_jkBTi83X55En5NhihBRYm5xOVq26ntTm4zhvQAnb0DdJgD_aH2rOrJ4dqXLqMOmXpJMEk0KbWQXcooOM7q1ZqhnlznBgo8AujMPz6d5ivVo&amp;__tn__=*NK-R\">#Telegram_Kanal\u0131m\u0131z<\/a>: <a class=\"qi72231t nu7423ey n3hqoq4p r86q59rh b3qcqh3k fq87ekyn bdao358l fsf7x5fv rse6dlih s5oniofx m8h3af8h l7ghb35v kjdc1dyq kmwttqpk srn514ro oxkhqvkx rl78xhln nch0832m cr00lzj9 rn8ck1ys s3jn8y49 icdlwmnq cxfqmxzd ezidihy3\" tabindex=\"0\" role=\"link\" href=\"https:\/\/t.me\/SuriyeArapHaberAjans?fbclid=IwAR332uBYU6IHh7cHEXjB8xECpB9tnIaF-woaQOT4OJdsYOCDoPqfz3pOSAQ\" target=\"_blank\" rel=\"nofollow noopener\">https:\/\/t.me\/SuriyeArapHaberAjans<\/a><\/p>\n","protected":false},"excerpt":{"rendered":"<p>PEK\u0130N &#8211; \u00c7in, tek tarafl\u0131 zorlay\u0131c\u0131 tedbirlerin Suriye&#8217;deki insani durumun k\u00f6t\u00fcle\u015fmesi \u00fczerindeki etkisine dikkat \u00e7ekerek, bu g\u00fc\u00e7lerin yasad\u0131\u015f\u0131l\u0131\u011f\u0131n\u0131 ve su\u00e7lar\u0131n\u0131n vah\u015fetini vurgulayarak bir kez daha ABD i\u015fgal g\u00fc\u00e7lerinin Suriye topraklar\u0131ndan \u00e7ekilmesi \u00e7a\u011fr\u0131s\u0131nda bulundu. \u00c7in D\u0131\u015fi\u015fleri Bakanl\u0131\u011f\u0131, D\u0131\u015fi\u015fleri ve Gurbet\u00e7iler Bakanl\u0131\u011f\u0131&#8217;n\u0131n ABD&#8217;li ajanlar ve ter\u00f6r \u00f6rg\u00fctleriyle i\u015fbirli\u011fi i\u00e7inde Suriye&#8217;deki uygulamalar, ya\u011fma ve y\u0131k\u0131ma ili\u015fkin Birle\u015fmi\u015f Milletler &hellip;<\/p>\n","protected":false},"author":41,"featured_media":261842,"comment_status":"closed","ping_status":"closed","sticky":false,"template":"","format":"standard","meta":{"footnotes":""},"categories":[458,459,17988],"tags":[],"class_list":["post-261841","post","type-post","status-publish","format-standard","has-post-thumbnail","","category-dunya1","category-haberler-arap-uluslararasi-politika","category-son-haberler"],"_links":{"self":[{"href":"https:\/\/archive.sana.sy\/tr\/index.php?rest_route=\/wp\/v2\/posts\/261841","targetHints":{"allow":["GET"]}}],"collection":[{"href":"https:\/\/archive.sana.sy\/tr\/index.php?rest_route=\/wp\/v2\/posts"}],"about":[{"href":"https:\/\/archive.sana.sy\/tr\/index.php?rest_route=\/wp\/v2\/types\/post"}],"author":[{"embeddable":true,"href":"https:\/\/archive.sana.sy\/tr\/index.php?rest_route=\/wp\/v2\/users\/41"}],"replies":[{"embeddable":true,"href":"https:\/\/archive.sana.sy\/tr\/index.php?rest_route=%2Fwp%2Fv2%2Fcomments&post=261841"}],"version-history":[{"count":0,"href":"https:\/\/archive.sana.sy\/tr\/index.php?rest_route=\/wp\/v2\/posts\/261841\/revisions"}],"wp:featuredmedia":[{"embeddable":true,"href":"https:\/\/archive.sana.sy\/tr\/index.php?rest_route=\/wp\/v2\/media\/261842"}],"wp:attachment":[{"href":"https:\/\/archive.sana.sy\/tr\/index.php?rest_route=%2Fwp%2Fv2%2Fmedia&parent=261841"}],"wp:term":[{"taxonomy":"category","embeddable":true,"href":"https:\/\/archive.sana.sy\/tr\/index.php?rest_route=%2Fwp%2Fv2%2Fcategories&post=261841"},{"taxonomy":"post_tag","embeddable":true,"href":"https:\/\/archive.sana.sy\/tr\/index.php?rest_route=%2Fwp%2Fv2%2Ftags&post=261841"}],"curies":[{"name":"wp","href":"https:\/\/api.w.org\/{rel}","templated":true}]}}