{"id":261857,"date":"2022-09-04T22:18:22","date_gmt":"2022-09-04T19:18:22","guid":{"rendered":"http:\/\/107.6.182.27\/tr\/?p=261857"},"modified":"2022-09-06T08:20:29","modified_gmt":"2022-09-06T05:20:29","slug":"idari-kalkinma-alaninda-suriye-iran-gorusmeleri","status":"publish","type":"post","link":"https:\/\/archive.sana.sy\/tr\/?p=261857","title":{"rendered":"\u0130dari Kalk\u0131nma Alan\u0131nda Suriye-\u0130ran G\u00f6r\u00fc\u015fmeleri"},"content":{"rendered":"<p>\u015eAM \u2013 \u0130dari Kalk\u0131nma Bakan\u0131 Dr. Selam Sefaf ve \u0130ran \u0130slam Cumhuriyeti Cumhurba\u015fkan\u0131&#8217;n\u0131n yard\u0131mc\u0131s\u0131 ve Kamu Y\u00f6netimi ve \u0130stihdam \u0130\u015fleri Vakf\u0131 ba\u015fkan\u0131 Dr. Meysam Latifi ve beraberindeki heyet, i\u015fbirli\u011fi, deneyim al\u0131\u015fveri\u015fi ve iki \u00fclkenin idari kalk\u0131nma alan\u0131ndaki deneyimlerinden kar\u015f\u0131l\u0131kl\u0131 yarar konular\u0131n\u0131 g\u00f6r\u00fc\u015ft\u00fc.<\/p>\n<p>Bakanl\u0131k merkezinde ger\u00e7ekle\u015ftirilen g\u00f6r\u00fc\u015fmede iki taraf, 21 \u015eubat&#8217;ta imzalanan idari i\u015fler ve istihdam alan\u0131nda ikili i\u015fbirli\u011fine y\u00f6nelik mutabakat zapt\u0131 kapsam\u0131nda uygulanan e\u011fitim programlar\u0131n\u0131n takibini ele ald\u0131.<\/p>\n<p><a class=\"qi72231t nu7423ey n3hqoq4p r86q59rh b3qcqh3k fq87ekyn bdao358l fsf7x5fv rse6dlih s5oniofx m8h3af8h l7ghb35v kjdc1dyq kmwttqpk srn514ro oxkhqvkx rl78xhln nch0832m cr00lzj9 rn8ck1ys s3jn8y49 icdlwmnq cxfqmxzd d1w2l3lo tes86rjd\" tabindex=\"0\" role=\"link\" href=\"https:\/\/www.facebook.com\/hashtag\/telegram_kanal%C4%B1m%C4%B1z?__eep__=6&amp;__cft__[0]=AZXm8D7qJHTss7Exa93aH4nrJhHB-pgmNxSgc_BBZb2uvEPSX4SeQVVRDRkxOlCFXbmwyclLLpVuAYSZYQadzN0sLFmn0iKoSi9pz7TujfnDw10B7xHoz7nCRUT4L2SoUhc&amp;__tn__=*NK-R\">#Telegram_Kanal\u0131m\u0131z<\/a>: <a class=\"qi72231t nu7423ey n3hqoq4p r86q59rh b3qcqh3k fq87ekyn bdao358l fsf7x5fv rse6dlih s5oniofx m8h3af8h l7ghb35v kjdc1dyq kmwttqpk srn514ro oxkhqvkx rl78xhln nch0832m cr00lzj9 rn8ck1ys s3jn8y49 icdlwmnq cxfqmxzd ezidihy3\" tabindex=\"0\" role=\"link\" href=\"https:\/\/t.me\/SuriyeArapHaberAjans?fbclid=IwAR36YgWkRDt3t-MqH8bPtr8DgAO1cBCDs6P5BfvaVYNmHOLi8wyScIxFQfk\" target=\"_blank\" rel=\"nofollow noopener\">https:\/\/t.me\/SuriyeArapHaberAjans<\/a><\/p>\n","protected":false},"excerpt":{"rendered":"<p>\u015eAM \u2013 \u0130dari Kalk\u0131nma Bakan\u0131 Dr. Selam Sefaf ve \u0130ran \u0130slam Cumhuriyeti Cumhurba\u015fkan\u0131&#8217;n\u0131n yard\u0131mc\u0131s\u0131 ve Kamu Y\u00f6netimi ve \u0130stihdam \u0130\u015fleri Vakf\u0131 ba\u015fkan\u0131 Dr. Meysam Latifi ve beraberindeki heyet, i\u015fbirli\u011fi, deneyim al\u0131\u015fveri\u015fi ve iki \u00fclkenin idari kalk\u0131nma alan\u0131ndaki deneyimlerinden kar\u015f\u0131l\u0131kl\u0131 yarar konular\u0131n\u0131 g\u00f6r\u00fc\u015ft\u00fc. Bakanl\u0131k merkezinde ger\u00e7ekle\u015ftirilen g\u00f6r\u00fc\u015fmede iki taraf, 21 \u015eubat&#8217;ta imzalanan idari i\u015fler ve istihdam &hellip;<\/p>\n","protected":false},"author":39,"featured_media":261858,"comment_status":"closed","ping_status":"closed","sticky":false,"template":"","format":"standard","meta":{"footnotes":""},"categories":[479,17988,478],"tags":[],"class_list":["post-261857","post","type-post","status-publish","format-standard","has-post-thumbnail","","category-haberler-yerel","category-son-haberler","category-yerel"],"_links":{"self":[{"href":"https:\/\/archive.sana.sy\/tr\/index.php?rest_route=\/wp\/v2\/posts\/261857","targetHints":{"allow":["GET"]}}],"collection":[{"href":"https:\/\/archive.sana.sy\/tr\/index.php?rest_route=\/wp\/v2\/posts"}],"about":[{"href":"https:\/\/archive.sana.sy\/tr\/index.php?rest_route=\/wp\/v2\/types\/post"}],"author":[{"embeddable":true,"href":"https:\/\/archive.sana.sy\/tr\/index.php?rest_route=\/wp\/v2\/users\/39"}],"replies":[{"embeddable":true,"href":"https:\/\/archive.sana.sy\/tr\/index.php?rest_route=%2Fwp%2Fv2%2Fcomments&post=261857"}],"version-history":[{"count":0,"href":"https:\/\/archive.sana.sy\/tr\/index.php?rest_route=\/wp\/v2\/posts\/261857\/revisions"}],"wp:featuredmedia":[{"embeddable":true,"href":"https:\/\/archive.sana.sy\/tr\/index.php?rest_route=\/wp\/v2\/media\/261858"}],"wp:attachment":[{"href":"https:\/\/archive.sana.sy\/tr\/index.php?rest_route=%2Fwp%2Fv2%2Fmedia&parent=261857"}],"wp:term":[{"taxonomy":"category","embeddable":true,"href":"https:\/\/archive.sana.sy\/tr\/index.php?rest_route=%2Fwp%2Fv2%2Fcategories&post=261857"},{"taxonomy":"post_tag","embeddable":true,"href":"https:\/\/archive.sana.sy\/tr\/index.php?rest_route=%2Fwp%2Fv2%2Ftags&post=261857"}],"curies":[{"name":"wp","href":"https:\/\/api.w.org\/{rel}","templated":true}]}}