{"id":261860,"date":"2022-09-05T10:44:48","date_gmt":"2022-09-05T07:44:48","guid":{"rendered":"http:\/\/107.6.182.27\/tr\/?p=261860"},"modified":"2022-09-06T08:21:18","modified_gmt":"2022-09-06T05:21:18","slug":"israil-isgal-guclerinin-bati-yakada-duzenledigi-baskinlarda-bir-filistinli-sehit-dustu-onlarca-kisi-de-yaralandi","status":"publish","type":"post","link":"https:\/\/archive.sana.sy\/tr\/?p=261860","title":{"rendered":"\u0130srail \u0130\u015fgal G\u00fc\u00e7lerinin, Bat\u0131 Yaka&#8217;da D\u00fczenledi\u011fi Bask\u0131nlarda Bir Filistinli \u015eehit D\u00fc\u015ft\u00fc, Onlarca Ki\u015fi De Yaraland\u0131"},"content":{"rendered":"<p>\u0130\u015eGAL ED\u0130LEN KUD\u00dcS \u2013 \u0130srail i\u015fgal g\u00fc\u00e7lerinin, Bat\u0131 Yaka&#8217;da Cenin&#8217;in g\u00fcneyindeki Kbatiye beldesine d\u00fczenledi\u011fi bask\u0131n s\u0131ras\u0131nda bir Filistinli \u015fehit d\u00fc\u015ft\u00fc, di\u011ferleri yaraland\u0131 ve tutukland\u0131.<\/p>\n<p>WAFA Haber Ajans\u0131, i\u015fgal g\u00fc\u00e7lerinin, Kbatiye beldesine bask\u0131n d\u00fczenledi\u011fini belirtirken,\u00a0 bir gencin \u015fehit d\u00fc\u015fmesine, bir gencin de yaralanmas\u0131na ve 3 Filistinlinin tutuklanmas\u0131na i\u015faret etti.<\/p>\n<p><a class=\"qi72231t nu7423ey n3hqoq4p r86q59rh b3qcqh3k fq87ekyn bdao358l fsf7x5fv rse6dlih s5oniofx m8h3af8h l7ghb35v kjdc1dyq kmwttqpk srn514ro oxkhqvkx rl78xhln nch0832m cr00lzj9 rn8ck1ys s3jn8y49 icdlwmnq cxfqmxzd d1w2l3lo tes86rjd\" tabindex=\"0\" role=\"link\" href=\"https:\/\/www.facebook.com\/hashtag\/telegram_kanal%C4%B1m%C4%B1z?__eep__=6&amp;__cft__[0]=AZVbxSZecwQSFpK3uxIyQmu32jA98zUfBFArHmPjKypIJdn4iJeoAJ2n3E2Ao_wdB16PUC-ji9iPg-DIqb6KEq_2IlJyVuwhNwivYOkMREF0rQJ99SfwIexFOLpSvaXveZw&amp;__tn__=*NK-R\">#Telegram_Kanal\u0131m\u0131z<\/a>: <a class=\"qi72231t nu7423ey n3hqoq4p r86q59rh b3qcqh3k fq87ekyn bdao358l fsf7x5fv rse6dlih s5oniofx m8h3af8h l7ghb35v kjdc1dyq kmwttqpk srn514ro oxkhqvkx rl78xhln nch0832m cr00lzj9 rn8ck1ys s3jn8y49 icdlwmnq cxfqmxzd ezidihy3\" tabindex=\"0\" role=\"link\" href=\"https:\/\/t.me\/SuriyeArapHaberAjans?fbclid=IwAR1dsB4G0x3QHf-iyfMskGItCHk9hmPBp5GP8Z8zqQ3HjvapxLOfSCEuAQs\" target=\"_blank\" rel=\"nofollow noopener\">https:\/\/t.me\/SuriyeArapHaberAjans<\/a><\/p>\n","protected":false},"excerpt":{"rendered":"<p>\u0130\u015eGAL ED\u0130LEN KUD\u00dcS \u2013 \u0130srail i\u015fgal g\u00fc\u00e7lerinin, Bat\u0131 Yaka&#8217;da Cenin&#8217;in g\u00fcneyindeki Kbatiye beldesine d\u00fczenledi\u011fi bask\u0131n s\u0131ras\u0131nda bir Filistinli \u015fehit d\u00fc\u015ft\u00fc, di\u011ferleri yaraland\u0131 ve tutukland\u0131. WAFA Haber Ajans\u0131, i\u015fgal g\u00fc\u00e7lerinin, Kbatiye beldesine bask\u0131n d\u00fczenledi\u011fini belirtirken,\u00a0 bir gencin \u015fehit d\u00fc\u015fmesine, bir gencin de yaralanmas\u0131na ve 3 Filistinlinin tutuklanmas\u0131na i\u015faret etti. #Telegram_Kanal\u0131m\u0131z: https:\/\/t.me\/SuriyeArapHaberAjans<\/p>\n","protected":false},"author":39,"featured_media":261861,"comment_status":"closed","ping_status":"closed","sticky":false,"template":"","format":"standard","meta":{"footnotes":""},"categories":[458,459,17988],"tags":[],"class_list":["post-261860","post","type-post","status-publish","format-standard","has-post-thumbnail","","category-dunya1","category-haberler-arap-uluslararasi-politika","category-son-haberler"],"_links":{"self":[{"href":"https:\/\/archive.sana.sy\/tr\/index.php?rest_route=\/wp\/v2\/posts\/261860","targetHints":{"allow":["GET"]}}],"collection":[{"href":"https:\/\/archive.sana.sy\/tr\/index.php?rest_route=\/wp\/v2\/posts"}],"about":[{"href":"https:\/\/archive.sana.sy\/tr\/index.php?rest_route=\/wp\/v2\/types\/post"}],"author":[{"embeddable":true,"href":"https:\/\/archive.sana.sy\/tr\/index.php?rest_route=\/wp\/v2\/users\/39"}],"replies":[{"embeddable":true,"href":"https:\/\/archive.sana.sy\/tr\/index.php?rest_route=%2Fwp%2Fv2%2Fcomments&post=261860"}],"version-history":[{"count":0,"href":"https:\/\/archive.sana.sy\/tr\/index.php?rest_route=\/wp\/v2\/posts\/261860\/revisions"}],"wp:featuredmedia":[{"embeddable":true,"href":"https:\/\/archive.sana.sy\/tr\/index.php?rest_route=\/wp\/v2\/media\/261861"}],"wp:attachment":[{"href":"https:\/\/archive.sana.sy\/tr\/index.php?rest_route=%2Fwp%2Fv2%2Fmedia&parent=261860"}],"wp:term":[{"taxonomy":"category","embeddable":true,"href":"https:\/\/archive.sana.sy\/tr\/index.php?rest_route=%2Fwp%2Fv2%2Fcategories&post=261860"},{"taxonomy":"post_tag","embeddable":true,"href":"https:\/\/archive.sana.sy\/tr\/index.php?rest_route=%2Fwp%2Fv2%2Ftags&post=261860"}],"curies":[{"name":"wp","href":"https:\/\/api.w.org\/{rel}","templated":true}]}}