{"id":261896,"date":"2022-09-06T08:51:19","date_gmt":"2022-09-06T05:51:19","guid":{"rendered":"http:\/\/107.6.182.27\/tr\/?p=261896"},"modified":"2022-09-07T08:37:41","modified_gmt":"2022-09-07T05:37:41","slug":"ceninde-israil-isgalcilerinin-kursunlariyla-bir-filistinli-sehit-dustu-7-kisi-de-yaralandi","status":"publish","type":"post","link":"https:\/\/archive.sana.sy\/tr\/?p=261896","title":{"rendered":"Cenin&#8217;de \u0130srail \u0130\u015fgalcilerinin Kur\u015funlar\u0131yla Bir Filistinli \u015eehit D\u00fc\u015ft\u00fc, 7 Ki\u015fi De Yaraland\u0131"},"content":{"rendered":"<p>\u0130\u015eGAL ED\u0130LEN KUD\u00dcS \u2013 Bat\u0131 Yaka&#8217;da Cenin&#8217;de \u0130srail i\u015fgal g\u00fc\u00e7lerinin kur\u015funlar\u0131yla bir Filistinli \u015fehit d\u00fc\u015ft\u00fc, 7 ki\u015fi de yaraland\u0131.<\/p>\n<p>Filistinli WAFA Haber Ajans\u0131, i\u015fgal g\u00fc\u00e7lerinin Cenin kentindeki do\u011fu mahallesine 100&#8217;den fazla ara\u00e7 ve buldozerle bask\u0131n d\u00fczenledi\u011fini, Filistinlilere ate\u015f ederek birinin \u015fehit d\u00fc\u015ft\u00fc\u011f\u00fcn\u00fc,7 ki\u015finin de yaraland\u0131\u011f\u0131n\u0131 belirtti.<\/p>\n<p><span style=\"color: #0000ff;\">#Telegram_Kanal\u0131m\u0131z: <a style=\"color: #0000ff;\" href=\"https:\/\/t.me\/SuriyeArapHaberAjans\">https:\/\/t.me\/SuriyeArapHaberAjans<\/a><\/span><\/p>\n","protected":false},"excerpt":{"rendered":"<p>\u0130\u015eGAL ED\u0130LEN KUD\u00dcS \u2013 Bat\u0131 Yaka&#8217;da Cenin&#8217;de \u0130srail i\u015fgal g\u00fc\u00e7lerinin kur\u015funlar\u0131yla bir Filistinli \u015fehit d\u00fc\u015ft\u00fc, 7 ki\u015fi de yaraland\u0131. Filistinli WAFA Haber Ajans\u0131, i\u015fgal g\u00fc\u00e7lerinin Cenin kentindeki do\u011fu mahallesine 100&#8217;den fazla ara\u00e7 ve buldozerle bask\u0131n d\u00fczenledi\u011fini, Filistinlilere ate\u015f ederek birinin \u015fehit d\u00fc\u015ft\u00fc\u011f\u00fcn\u00fc,7 ki\u015finin de yaraland\u0131\u011f\u0131n\u0131 belirtti. #Telegram_Kanal\u0131m\u0131z: https:\/\/t.me\/SuriyeArapHaberAjans<\/p>\n","protected":false},"author":39,"featured_media":261897,"comment_status":"closed","ping_status":"closed","sticky":false,"template":"","format":"standard","meta":{"footnotes":""},"categories":[458,459,17988],"tags":[],"class_list":["post-261896","post","type-post","status-publish","format-standard","has-post-thumbnail","","category-dunya1","category-haberler-arap-uluslararasi-politika","category-son-haberler"],"_links":{"self":[{"href":"https:\/\/archive.sana.sy\/tr\/index.php?rest_route=\/wp\/v2\/posts\/261896","targetHints":{"allow":["GET"]}}],"collection":[{"href":"https:\/\/archive.sana.sy\/tr\/index.php?rest_route=\/wp\/v2\/posts"}],"about":[{"href":"https:\/\/archive.sana.sy\/tr\/index.php?rest_route=\/wp\/v2\/types\/post"}],"author":[{"embeddable":true,"href":"https:\/\/archive.sana.sy\/tr\/index.php?rest_route=\/wp\/v2\/users\/39"}],"replies":[{"embeddable":true,"href":"https:\/\/archive.sana.sy\/tr\/index.php?rest_route=%2Fwp%2Fv2%2Fcomments&post=261896"}],"version-history":[{"count":0,"href":"https:\/\/archive.sana.sy\/tr\/index.php?rest_route=\/wp\/v2\/posts\/261896\/revisions"}],"wp:featuredmedia":[{"embeddable":true,"href":"https:\/\/archive.sana.sy\/tr\/index.php?rest_route=\/wp\/v2\/media\/261897"}],"wp:attachment":[{"href":"https:\/\/archive.sana.sy\/tr\/index.php?rest_route=%2Fwp%2Fv2%2Fmedia&parent=261896"}],"wp:term":[{"taxonomy":"category","embeddable":true,"href":"https:\/\/archive.sana.sy\/tr\/index.php?rest_route=%2Fwp%2Fv2%2Fcategories&post=261896"},{"taxonomy":"post_tag","embeddable":true,"href":"https:\/\/archive.sana.sy\/tr\/index.php?rest_route=%2Fwp%2Fv2%2Ftags&post=261896"}],"curies":[{"name":"wp","href":"https:\/\/api.w.org\/{rel}","templated":true}]}}