{"id":261924,"date":"2022-09-05T23:22:47","date_gmt":"2022-09-05T20:22:47","guid":{"rendered":"http:\/\/107.6.182.27\/tr\/?p=261924"},"modified":"2022-09-07T08:37:26","modified_gmt":"2022-09-07T05:37:26","slug":"35-gunde-turk-isgali-ve-cetelerinin-haseke-ve-cevresinde-1-milyon-vatandasin-icme-suyunu-kesti","status":"publish","type":"post","link":"https:\/\/archive.sana.sy\/tr\/?p=261924","title":{"rendered":"35. G\u00fcnde&#8230; T\u00fcrk \u0130\u015fgali Ve Kiral\u0131klar\u0131 Haseke Ve \u00c7evresinde 1 Milyon Vatanda\u015f\u0131n \u0130\u00e7me Suyunu Kesti"},"content":{"rendered":"<p>HASEKE \u2013 T\u00fcrk i\u015fgali ve ter\u00f6r \u00f6rg\u00fctlerinden kiral\u0131klar\u0131, Alluk su istasyonundan art arda 35. g\u00fcn pompalamay\u0131 durdurarak Haseke ve \u00e7evresinde 1 milyon vatanda\u015f\u0131n i\u00e7me suyunu kesmeye devam ediyor.<\/p>\n<p>Haseke Su Kurumu Genel M\u00fcd\u00fcr\u00fc Mahmud El Ukla SANA muhabirine yapt\u0131\u011f\u0131 a\u00e7\u0131klamada, i\u015fgalci T\u00fcrkiye&#8217;nin Rasul Ayn k\u0131rsal\u0131ndaki Alluk istasyonundan\u00a0 su pompalamay\u0131 durdurmaya devam etti\u011fini, istasyonun yeniden \u00e7al\u0131\u015ft\u0131r\u0131lmas\u0131 i\u00e7in kurum \u00e7al\u0131\u015fanlar\u0131n\u0131n ge\u00e7ip istasyonu \u00e7al\u0131\u015ft\u0131rmalar\u0131\u00a0 yolunda yap\u0131lan \u00e7abalara ra\u011fmen \u015fu ana kadar durumla ilgili bir geli\u015fmenin olmad\u0131\u011f\u0131n\u0131 belirtti.<\/p>\n<p>El Ukla: &#8220;Tek \u00e7\u00f6z\u00fcm, pomplaman\u0131n s\u00fcreklili\u011fini sa\u011flamak i\u00e7in istasyonun Kamu Su Kurumu \u00e7al\u0131\u015fanlar\u0131 taraf\u0131ndan y\u00f6netilmesidir.<\/p>\n<p>Su alma hatt\u0131nda meydana gelen ve pompalama i\u015flemlerini etkileyen fazlal\u0131klar\u0131n giderilmesi gerekmektedir.<\/p>\n<p>\u00d6yleki i\u015fgalin kiral\u0131klar\u0131 i\u015fgal ettikleri b\u00f6lgelerdeki hatta sald\u0131rmakta ve t\u00fcm suyu kendi ama\u00e7lar\u0131 i\u00e7in s\u00f6m\u00fcrmektedirler, ayr\u0131ca Alluk istasyonunu besleyen elektrik gerilim hatlar\u0131ndaki ihlalleri ortadan kald\u0131rarak istikrar\u0131 sa\u011flamak ve b\u00f6ylece her \u015feyin normale d\u00f6nmesi&#8221; oldu\u011funu dile getirdi.<\/p>\n<p>El Ukla, su krizinin a\u011f\u0131rla\u015fmas\u0131 ve insanlar\u0131n ac\u0131lar\u0131n\u0131 hafifletmek i\u00e7in, kurumun \u015fu anda \u015fehir merkezinde 16 sus ar\u0131tma tesisinin i\u015fletilerek insanlar\u0131n i\u00e7me suyunu g\u00fcvence alt\u0131na almak i\u00e7in \u00f6nlemler ald\u0131\u011f\u0131n\u0131 a\u00e7\u0131klad\u0131.<\/p>\n<p>Bu kapsamda Sosyal \u0130\u015fler ve \u00c7al\u0131\u015fma Dairesi Ba\u015fkanl\u0131\u011f\u0131, sivil toplum kurulu\u015flar\u0131 arac\u0131l\u0131\u011f\u0131yla halka \u00f6zel tanklarla su da\u011f\u0131t\u0131lmas\u0131n\u0131 da i\u00e7eren su damlas\u0131 giri\u015fimini s\u00fcrd\u00fcr\u00fcyor.<\/p>\n<p>Halaf, giri\u015fimin \u00f6n\u00fcm\u00fczdeki d\u00f6nemde \u00f6zellikle yeni \u00f6\u011fretim y\u0131l\u0131n\u0131n ba\u015flamas\u0131 ve hava s\u0131cakl\u0131klar\u0131n\u0131n artmas\u0131yla birlikte \u00f6\u011frencilere ve okul \u00e7ocuklar\u0131na su da\u011f\u0131tmay\u0131 da kapsayaca\u011f\u0131n\u0131 belirtti.<\/p>\n<p>Kendi y\u00f6n\u00fcnden ahali, T\u00fcrk i\u015fgali ve kiral\u0131klar\u0131n\u0131n kendilerini ba\u011flamaya y\u00f6nelik, insanl\u0131k su\u00e7u olu\u015fturan planlar\u0131n\u0131 reddettiklerini ifade ederek, t\u00fcm uluslararas\u0131 ve insan haklar\u0131 kurulu\u015flar\u0131n\u0131 m\u00fcdahale etmeye ve t\u00fcm uluslararas\u0131 normlar\u0131 ve yasalar\u0131 ihlal eden bu ihlalleri durdurmaya \u00e7a\u011f\u0131rd\u0131.<\/p>\n<p><a class=\"qi72231t nu7423ey n3hqoq4p r86q59rh b3qcqh3k fq87ekyn bdao358l fsf7x5fv rse6dlih s5oniofx m8h3af8h l7ghb35v kjdc1dyq kmwttqpk srn514ro oxkhqvkx rl78xhln nch0832m cr00lzj9 rn8ck1ys s3jn8y49 icdlwmnq cxfqmxzd d1w2l3lo tes86rjd\" tabindex=\"0\" role=\"link\" href=\"https:\/\/www.facebook.com\/hashtag\/telegram_kanal%C4%B1m%C4%B1z?__eep__=6&amp;__cft__[0]=AZVelcwx4AjIEW5I1u_mnxUJA3fhYfFvMZutS4sMGW2-ZO5ZVu2sl74gYwA43_9mwkzJg-svEFuw3o5KMpAfaQYKY1pkQtLc0Y9YDbDMHudfsKzGfLDHEh81SjRDxs5bbJk&amp;__tn__=*NK-R\">#Telegram_Kanal\u0131m\u0131z<\/a>: <a class=\"qi72231t nu7423ey n3hqoq4p r86q59rh b3qcqh3k fq87ekyn bdao358l fsf7x5fv rse6dlih s5oniofx m8h3af8h l7ghb35v kjdc1dyq kmwttqpk srn514ro oxkhqvkx rl78xhln nch0832m cr00lzj9 rn8ck1ys s3jn8y49 icdlwmnq cxfqmxzd ezidihy3\" tabindex=\"0\" role=\"link\" href=\"https:\/\/t.me\/SuriyeArapHaberAjans?fbclid=IwAR0pkFT82TiQx2KFaxG0S-F3knHjYpojLasTk0RhQ4KSSNU75IK-amfVQPE\" target=\"_blank\" rel=\"nofollow noopener\">https:\/\/t.me\/SuriyeArapHaberAjans<\/a><\/p>\n","protected":false},"excerpt":{"rendered":"<p>HASEKE \u2013 T\u00fcrk i\u015fgali ve ter\u00f6r \u00f6rg\u00fctlerinden kiral\u0131klar\u0131, Alluk su istasyonundan art arda 35. g\u00fcn pompalamay\u0131 durdurarak Haseke ve \u00e7evresinde 1 milyon vatanda\u015f\u0131n i\u00e7me suyunu kesmeye devam ediyor. Haseke Su Kurumu Genel M\u00fcd\u00fcr\u00fc Mahmud El Ukla SANA muhabirine yapt\u0131\u011f\u0131 a\u00e7\u0131klamada, i\u015fgalci T\u00fcrkiye&#8217;nin Rasul Ayn k\u0131rsal\u0131ndaki Alluk istasyonundan\u00a0 su pompalamay\u0131 durdurmaya devam etti\u011fini, istasyonun yeniden \u00e7al\u0131\u015ft\u0131r\u0131lmas\u0131 &hellip;<\/p>\n","protected":false},"author":39,"featured_media":261925,"comment_status":"closed","ping_status":"closed","sticky":false,"template":"","format":"standard","meta":{"footnotes":""},"categories":[479,516,575,17988,2555,478],"tags":[],"class_list":["post-261924","post","type-post","status-publish","format-standard","has-post-thumbnail","","category-haberler-yerel","category-haberler-kultur-ve-sanat","category-olaylar-ve-gercekler","category-son-haberler","category-suriye-ve-turkiye","category-yerel"],"_links":{"self":[{"href":"https:\/\/archive.sana.sy\/tr\/index.php?rest_route=\/wp\/v2\/posts\/261924","targetHints":{"allow":["GET"]}}],"collection":[{"href":"https:\/\/archive.sana.sy\/tr\/index.php?rest_route=\/wp\/v2\/posts"}],"about":[{"href":"https:\/\/archive.sana.sy\/tr\/index.php?rest_route=\/wp\/v2\/types\/post"}],"author":[{"embeddable":true,"href":"https:\/\/archive.sana.sy\/tr\/index.php?rest_route=\/wp\/v2\/users\/39"}],"replies":[{"embeddable":true,"href":"https:\/\/archive.sana.sy\/tr\/index.php?rest_route=%2Fwp%2Fv2%2Fcomments&post=261924"}],"version-history":[{"count":0,"href":"https:\/\/archive.sana.sy\/tr\/index.php?rest_route=\/wp\/v2\/posts\/261924\/revisions"}],"wp:featuredmedia":[{"embeddable":true,"href":"https:\/\/archive.sana.sy\/tr\/index.php?rest_route=\/wp\/v2\/media\/261925"}],"wp:attachment":[{"href":"https:\/\/archive.sana.sy\/tr\/index.php?rest_route=%2Fwp%2Fv2%2Fmedia&parent=261924"}],"wp:term":[{"taxonomy":"category","embeddable":true,"href":"https:\/\/archive.sana.sy\/tr\/index.php?rest_route=%2Fwp%2Fv2%2Fcategories&post=261924"},{"taxonomy":"post_tag","embeddable":true,"href":"https:\/\/archive.sana.sy\/tr\/index.php?rest_route=%2Fwp%2Fv2%2Ftags&post=261924"}],"curies":[{"name":"wp","href":"https:\/\/api.w.org\/{rel}","templated":true}]}}