{"id":261966,"date":"2022-09-06T19:21:50","date_gmt":"2022-09-06T16:21:50","guid":{"rendered":"http:\/\/107.6.182.27\/tr\/?p=261966"},"modified":"2022-09-07T10:15:21","modified_gmt":"2022-09-07T07:15:21","slug":"palmira-kirsalinda-isidli-teroristlerin-biraktigi-mayin-patlamasi-sonucu-bir-sivil-hayatini-kaybetti","status":"publish","type":"post","link":"https:\/\/archive.sana.sy\/tr\/?p=261966","title":{"rendered":"Tedmur K\u0131rsal\u0131nda I\u015e\u0130D&#8217;li Ter\u00f6ristlerin B\u0131rakt\u0131\u011f\u0131 May\u0131n Patlamas\u0131 Sonucu Bir Sivil Hayat\u0131n\u0131 Kaybetti"},"content":{"rendered":"<p>HOMS \u2013 Tedmur k\u0131rsal\u0131 El Beyyarat El \u011earbiye b\u00f6lgesinde koyun otlayan bir sivil, (I\u015e\u0130D) ter\u00f6r \u00f6rg\u00fct\u00fcn\u00fcn \u00a0geride b\u0131rakt\u0131\u011f\u0131 may\u0131n\u0131n patlamas\u0131 sonucu \u015fehit oldu.<\/p>\n<p>Tedmur Ulusal Hastanesi Genel M\u00fcd\u00fcr\u00fc Dr. Velid Odeh, SANA muhabirine yapt\u0131\u011f\u0131 a\u00e7\u0131klamada, patlama sonucu \u00e7ok say\u0131da \u015farapnele maruz kalan yaral\u0131ya Tedmur Ulusal Hastanesi personellerinin gerekli m\u00fcdahaleyi yapt\u0131\u011f\u0131n\u0131 fakat hayat\u0131n\u0131 kurtaramad\u0131\u011f\u0131n\u0131 belirtti.<\/p>\n<p><a class=\"qi72231t nu7423ey n3hqoq4p r86q59rh b3qcqh3k fq87ekyn bdao358l fsf7x5fv rse6dlih s5oniofx m8h3af8h l7ghb35v kjdc1dyq kmwttqpk srn514ro oxkhqvkx rl78xhln nch0832m cr00lzj9 rn8ck1ys s3jn8y49 icdlwmnq cxfqmxzd d1w2l3lo tes86rjd\" tabindex=\"0\" role=\"link\" href=\"https:\/\/www.facebook.com\/hashtag\/telegram_kanal%C4%B1m%C4%B1z?__eep__=6&amp;__cft__[0]=AZVQzkwchwOHn2241j7LLp1C8dK-5QhAqutGfvV_-H8zPB6WMCe5kbIzYu5lId9o4YhwSb0ZymU9J3eU-bOB-RB1EEGgWM74zmnVVz-r5CflI7kVM7DQO-ezOmi2iglQ8e8&amp;__tn__=*NK-R\">#Telegram_Kanal\u0131m\u0131z<\/a>: <a class=\"qi72231t nu7423ey n3hqoq4p r86q59rh b3qcqh3k fq87ekyn bdao358l fsf7x5fv rse6dlih s5oniofx m8h3af8h l7ghb35v kjdc1dyq kmwttqpk srn514ro oxkhqvkx rl78xhln nch0832m cr00lzj9 rn8ck1ys s3jn8y49 icdlwmnq cxfqmxzd ezidihy3\" tabindex=\"0\" role=\"link\" href=\"https:\/\/t.me\/SuriyeArapHaberAjans?fbclid=IwAR3kzPF7ilEED2dB2kgODhpqUEPMWsS9FLf2l0NbVhlljPu_FmSbdTrd8FU\" target=\"_blank\" rel=\"nofollow noopener\">https:\/\/t.me\/SuriyeArapHaberAjans<\/a><\/p>\n","protected":false},"excerpt":{"rendered":"<p>HOMS \u2013 Tedmur k\u0131rsal\u0131 El Beyyarat El \u011earbiye b\u00f6lgesinde koyun otlayan bir sivil, (I\u015e\u0130D) ter\u00f6r \u00f6rg\u00fct\u00fcn\u00fcn \u00a0geride b\u0131rakt\u0131\u011f\u0131 may\u0131n\u0131n patlamas\u0131 sonucu \u015fehit oldu. Tedmur Ulusal Hastanesi Genel M\u00fcd\u00fcr\u00fc Dr. Velid Odeh, SANA muhabirine yapt\u0131\u011f\u0131 a\u00e7\u0131klamada, patlama sonucu \u00e7ok say\u0131da \u015farapnele maruz kalan yaral\u0131ya Tedmur Ulusal Hastanesi personellerinin gerekli m\u00fcdahaleyi yapt\u0131\u011f\u0131n\u0131 fakat hayat\u0131n\u0131 kurtaramad\u0131\u011f\u0131n\u0131 belirtti. #Telegram_Kanal\u0131m\u0131z: &hellip;<\/p>\n","protected":false},"author":41,"featured_media":261967,"comment_status":"closed","ping_status":"closed","sticky":false,"template":"","format":"standard","meta":{"footnotes":""},"categories":[479,575,17988,478],"tags":[],"class_list":["post-261966","post","type-post","status-publish","format-standard","has-post-thumbnail","","category-haberler-yerel","category-olaylar-ve-gercekler","category-son-haberler","category-yerel"],"_links":{"self":[{"href":"https:\/\/archive.sana.sy\/tr\/index.php?rest_route=\/wp\/v2\/posts\/261966","targetHints":{"allow":["GET"]}}],"collection":[{"href":"https:\/\/archive.sana.sy\/tr\/index.php?rest_route=\/wp\/v2\/posts"}],"about":[{"href":"https:\/\/archive.sana.sy\/tr\/index.php?rest_route=\/wp\/v2\/types\/post"}],"author":[{"embeddable":true,"href":"https:\/\/archive.sana.sy\/tr\/index.php?rest_route=\/wp\/v2\/users\/41"}],"replies":[{"embeddable":true,"href":"https:\/\/archive.sana.sy\/tr\/index.php?rest_route=%2Fwp%2Fv2%2Fcomments&post=261966"}],"version-history":[{"count":0,"href":"https:\/\/archive.sana.sy\/tr\/index.php?rest_route=\/wp\/v2\/posts\/261966\/revisions"}],"wp:featuredmedia":[{"embeddable":true,"href":"https:\/\/archive.sana.sy\/tr\/index.php?rest_route=\/wp\/v2\/media\/261967"}],"wp:attachment":[{"href":"https:\/\/archive.sana.sy\/tr\/index.php?rest_route=%2Fwp%2Fv2%2Fmedia&parent=261966"}],"wp:term":[{"taxonomy":"category","embeddable":true,"href":"https:\/\/archive.sana.sy\/tr\/index.php?rest_route=%2Fwp%2Fv2%2Fcategories&post=261966"},{"taxonomy":"post_tag","embeddable":true,"href":"https:\/\/archive.sana.sy\/tr\/index.php?rest_route=%2Fwp%2Fv2%2Ftags&post=261966"}],"curies":[{"name":"wp","href":"https:\/\/api.w.org\/{rel}","templated":true}]}}