{"id":261995,"date":"2022-09-07T10:43:20","date_gmt":"2022-09-07T07:43:20","guid":{"rendered":"http:\/\/107.6.182.27\/tr\/?p=261995"},"modified":"2022-09-07T10:43:39","modified_gmt":"2022-09-07T07:43:39","slug":"temel-egitim-yilinda-seckin-105-ogrenci-onurlandirildi","status":"publish","type":"post","link":"https:\/\/archive.sana.sy\/tr\/?p=261995","title":{"rendered":"Temel E\u011fitim Y\u0131l\u0131nda Se\u00e7kin 105 \u00d6\u011frenci Onurland\u0131r\u0131ld\u0131"},"content":{"rendered":"<p>\u015eAM \u2013 Cumhurba\u015fkanl\u0131\u011f\u0131 taraf\u0131ndan g\u00f6revlendirilen Milli E\u011fitim Bakanl\u0131\u011f\u0131, \u015eam&#8217;daki Dar El Esad K\u00fclt\u00fcr ve Sanat Merkez\u2019inde d\u00fczenlenen t\u00f6renle 2021-2022 d\u00f6nemi Temel E\u011fitim Sertifikas\u0131nda 105 se\u00e7kin \u00f6\u011frenciyi onurland\u0131rd\u0131.<\/p>\n<p>&nbsp;<\/p>\n","protected":false},"excerpt":{"rendered":"<p>\u015eAM \u2013 Cumhurba\u015fkanl\u0131\u011f\u0131 taraf\u0131ndan g\u00f6revlendirilen Milli E\u011fitim Bakanl\u0131\u011f\u0131, \u015eam&#8217;daki Dar El Esad K\u00fclt\u00fcr ve Sanat Merkez\u2019inde d\u00fczenlenen t\u00f6renle 2021-2022 d\u00f6nemi Temel E\u011fitim Sertifikas\u0131nda 105 se\u00e7kin \u00f6\u011frenciyi onurland\u0131rd\u0131. &nbsp;<\/p>\n","protected":false},"author":36,"featured_media":261996,"comment_status":"closed","ping_status":"closed","sticky":false,"template":"","format":"standard","meta":{"footnotes":""},"categories":[573],"tags":[],"class_list":["post-261995","post","type-post","status-publish","format-standard","has-post-thumbnail","","category-goruntulu-olaylar"],"_links":{"self":[{"href":"https:\/\/archive.sana.sy\/tr\/index.php?rest_route=\/wp\/v2\/posts\/261995","targetHints":{"allow":["GET"]}}],"collection":[{"href":"https:\/\/archive.sana.sy\/tr\/index.php?rest_route=\/wp\/v2\/posts"}],"about":[{"href":"https:\/\/archive.sana.sy\/tr\/index.php?rest_route=\/wp\/v2\/types\/post"}],"author":[{"embeddable":true,"href":"https:\/\/archive.sana.sy\/tr\/index.php?rest_route=\/wp\/v2\/users\/36"}],"replies":[{"embeddable":true,"href":"https:\/\/archive.sana.sy\/tr\/index.php?rest_route=%2Fwp%2Fv2%2Fcomments&post=261995"}],"version-history":[{"count":0,"href":"https:\/\/archive.sana.sy\/tr\/index.php?rest_route=\/wp\/v2\/posts\/261995\/revisions"}],"wp:featuredmedia":[{"embeddable":true,"href":"https:\/\/archive.sana.sy\/tr\/index.php?rest_route=\/wp\/v2\/media\/261996"}],"wp:attachment":[{"href":"https:\/\/archive.sana.sy\/tr\/index.php?rest_route=%2Fwp%2Fv2%2Fmedia&parent=261995"}],"wp:term":[{"taxonomy":"category","embeddable":true,"href":"https:\/\/archive.sana.sy\/tr\/index.php?rest_route=%2Fwp%2Fv2%2Fcategories&post=261995"},{"taxonomy":"post_tag","embeddable":true,"href":"https:\/\/archive.sana.sy\/tr\/index.php?rest_route=%2Fwp%2Fv2%2Ftags&post=261995"}],"curies":[{"name":"wp","href":"https:\/\/api.w.org\/{rel}","templated":true}]}}