{"id":262094,"date":"2022-09-08T13:56:00","date_gmt":"2022-09-08T10:56:00","guid":{"rendered":"http:\/\/107.6.182.27\/tr\/?p=262094"},"modified":"2022-09-09T09:07:43","modified_gmt":"2022-09-09T06:07:43","slug":"amerikan-isgali-haseke-kirsalindaki-yasadisi-uslerine-silah-ve-muhimmat-gecirdi","status":"publish","type":"post","link":"https:\/\/archive.sana.sy\/tr\/?p=262094","title":{"rendered":"Amerikan \u0130\u015fgali Haseke K\u0131rsal\u0131ndaki Yasad\u0131\u015f\u0131 \u00dcslerine Silah Ve M\u00fchimmat Ge\u00e7irdi"},"content":{"rendered":"<p>HASEKE \u2013 Amerikan i\u015fgal g\u00fc\u00e7leri, Suriye&#8217;nin El Cezire b\u00f6lgesindeki yasad\u0131\u015f\u0131 askeri \u00fcslerinde g\u00fc\u00e7lerini desteklemek i\u00e7in silah ve m\u00fchimmat y\u00fckl\u00fc tankerler ge\u00e7irdi.<\/p>\n<p>Yerel kaynaklar SANA muhabirine yapt\u0131\u011f\u0131 a\u00e7\u0131klamada, 2 z\u0131rhl\u0131 arac\u0131n refaket etti\u011fi silah ve m\u00fchimmat y\u00fckl\u00fc 6 b\u00fcy\u00fck tankerden olu\u015fan ve Amerikan i\u015fgaline ait bir konvoyun Kuzey Irak&#8217;tan yasad\u0131\u015f\u0131 El Velid ge\u00e7idinden girdi\u011fini ve g\u00fcneye do\u011fru Haseke \u015fehrine y\u00f6neldi\u011fini belirtti.<\/p>\n<p><a class=\"qi72231t nu7423ey n3hqoq4p r86q59rh b3qcqh3k fq87ekyn bdao358l fsf7x5fv rse6dlih s5oniofx m8h3af8h l7ghb35v kjdc1dyq kmwttqpk srn514ro oxkhqvkx rl78xhln nch0832m cr00lzj9 rn8ck1ys s3jn8y49 icdlwmnq cxfqmxzd d1w2l3lo tes86rjd\" tabindex=\"0\" role=\"link\" href=\"https:\/\/www.facebook.com\/hashtag\/telegram_kanal%C4%B1m%C4%B1z?__eep__=6&amp;__cft__[0]=AZW1xCMJ4icaGjPwqbGFa7GwuNFSA4wLdZt07JMmwDGS5Dav0S1bcKH4E9NpmDFHyt9yizNZ6UUy4bd2jJSSAE8owN2aE54PtkeXrAMnQfpKyN82Kpwliud0POUd0MCEvtU&amp;__tn__=*NK-R\">#Telegram_Kanal\u0131m\u0131z<\/a>:\u00a0<a class=\"qi72231t nu7423ey n3hqoq4p r86q59rh b3qcqh3k fq87ekyn bdao358l fsf7x5fv rse6dlih s5oniofx m8h3af8h l7ghb35v kjdc1dyq kmwttqpk srn514ro oxkhqvkx rl78xhln nch0832m cr00lzj9 rn8ck1ys s3jn8y49 icdlwmnq cxfqmxzd ezidihy3\" tabindex=\"0\" role=\"link\" href=\"https:\/\/t.me\/SuriyeArapHaberAjans?fbclid=IwAR08jNO8MQCrKh58kD2lyWa9krrv3PLKW8KEpr8h8lpWKVABrHiI5zgEcW0\" target=\"_blank\" rel=\"nofollow noopener\">https:\/\/t.me\/SuriyeArapHaberAjans<\/a><\/p>\n","protected":false},"excerpt":{"rendered":"<p>HASEKE \u2013 Amerikan i\u015fgal g\u00fc\u00e7leri, Suriye&#8217;nin El Cezire b\u00f6lgesindeki yasad\u0131\u015f\u0131 askeri \u00fcslerinde g\u00fc\u00e7lerini desteklemek i\u00e7in silah ve m\u00fchimmat y\u00fckl\u00fc tankerler ge\u00e7irdi. Yerel kaynaklar SANA muhabirine yapt\u0131\u011f\u0131 a\u00e7\u0131klamada, 2 z\u0131rhl\u0131 arac\u0131n refaket etti\u011fi silah ve m\u00fchimmat y\u00fckl\u00fc 6 b\u00fcy\u00fck tankerden olu\u015fan ve Amerikan i\u015fgaline ait bir konvoyun Kuzey Irak&#8217;tan yasad\u0131\u015f\u0131 El Velid ge\u00e7idinden girdi\u011fini ve g\u00fcneye &hellip;<\/p>\n","protected":false},"author":36,"featured_media":262095,"comment_status":"closed","ping_status":"closed","sticky":false,"template":"","format":"standard","meta":{"footnotes":""},"categories":[479,575,17988,478],"tags":[],"class_list":["post-262094","post","type-post","status-publish","format-standard","has-post-thumbnail","","category-haberler-yerel","category-olaylar-ve-gercekler","category-son-haberler","category-yerel"],"_links":{"self":[{"href":"https:\/\/archive.sana.sy\/tr\/index.php?rest_route=\/wp\/v2\/posts\/262094","targetHints":{"allow":["GET"]}}],"collection":[{"href":"https:\/\/archive.sana.sy\/tr\/index.php?rest_route=\/wp\/v2\/posts"}],"about":[{"href":"https:\/\/archive.sana.sy\/tr\/index.php?rest_route=\/wp\/v2\/types\/post"}],"author":[{"embeddable":true,"href":"https:\/\/archive.sana.sy\/tr\/index.php?rest_route=\/wp\/v2\/users\/36"}],"replies":[{"embeddable":true,"href":"https:\/\/archive.sana.sy\/tr\/index.php?rest_route=%2Fwp%2Fv2%2Fcomments&post=262094"}],"version-history":[{"count":0,"href":"https:\/\/archive.sana.sy\/tr\/index.php?rest_route=\/wp\/v2\/posts\/262094\/revisions"}],"wp:featuredmedia":[{"embeddable":true,"href":"https:\/\/archive.sana.sy\/tr\/index.php?rest_route=\/wp\/v2\/media\/262095"}],"wp:attachment":[{"href":"https:\/\/archive.sana.sy\/tr\/index.php?rest_route=%2Fwp%2Fv2%2Fmedia&parent=262094"}],"wp:term":[{"taxonomy":"category","embeddable":true,"href":"https:\/\/archive.sana.sy\/tr\/index.php?rest_route=%2Fwp%2Fv2%2Fcategories&post=262094"},{"taxonomy":"post_tag","embeddable":true,"href":"https:\/\/archive.sana.sy\/tr\/index.php?rest_route=%2Fwp%2Fv2%2Ftags&post=262094"}],"curies":[{"name":"wp","href":"https:\/\/api.w.org\/{rel}","templated":true}]}}