{"id":262122,"date":"2022-09-09T09:00:20","date_gmt":"2022-09-09T06:00:20","guid":{"rendered":"http:\/\/107.6.182.27\/tr\/?p=262122"},"modified":"2022-09-10T09:21:00","modified_gmt":"2022-09-10T06:21:00","slug":"ulastirma-bakanligi-uluslararasi-halep-havalimani-bugun-itibariyle-hizmete-girecek","status":"publish","type":"post","link":"https:\/\/archive.sana.sy\/tr\/?p=262122","title":{"rendered":"Ula\u015ft\u0131rma Bakanl\u0131\u011f\u0131: Uluslararas\u0131 Halep Havaliman\u0131 Bug\u00fcn \u0130tibariyle Hizmete Girecek"},"content":{"rendered":"<p>\u015eAM \u2013 Ula\u015ft\u0131rma Bakanl\u0131\u011f\u0131, 9 Eyl\u00fcl 2022 Cuma g\u00fcn\u00fc yerel saatle \u00f6\u011flen 12:00&#8217;den itibaren Uluslararas\u0131 Halep Havaliman\u0131 \u00fczerinden hava trafi\u011finin yeniden ba\u015flayaca\u011f\u0131n\u0131 ilan etti.<\/p>\n<p>Bakanl\u0131k, bu sabah yapt\u0131\u011f\u0131 a\u00e7\u0131klamada, Sivil Havac\u0131l\u0131k Genel Te\u015fkilat\u0131 kadrolar\u0131n\u0131n, ulusal \u015firketlerimizle i\u015fbirli\u011fi i\u00e7inde, \u0130srail&#8217;in havaliman\u0131n\u0131 hedef alan sald\u0131rganl\u0131\u011f\u0131n\u0131n yol a\u00e7t\u0131\u011f\u0131 hasar\u0131 onard\u0131\u011f\u0131n\u0131 belirtti.<\/p>\n<p><span style=\"color: #0000ff;\">#Telegram_Kanal\u0131m\u0131z:\u00a0<a style=\"color: #0000ff;\" href=\"https:\/\/t.me\/SuriyeArapHaberAjans\">https:\/\/t.me\/SuriyeArapHaberAjans<\/a><\/span><\/p>\n","protected":false},"excerpt":{"rendered":"<p>\u015eAM \u2013 Ula\u015ft\u0131rma Bakanl\u0131\u011f\u0131, 9 Eyl\u00fcl 2022 Cuma g\u00fcn\u00fc yerel saatle \u00f6\u011flen 12:00&#8217;den itibaren Uluslararas\u0131 Halep Havaliman\u0131 \u00fczerinden hava trafi\u011finin yeniden ba\u015flayaca\u011f\u0131n\u0131 ilan etti. Bakanl\u0131k, bu sabah yapt\u0131\u011f\u0131 a\u00e7\u0131klamada, Sivil Havac\u0131l\u0131k Genel Te\u015fkilat\u0131 kadrolar\u0131n\u0131n, ulusal \u015firketlerimizle i\u015fbirli\u011fi i\u00e7inde, \u0130srail&#8217;in havaliman\u0131n\u0131 hedef alan sald\u0131rganl\u0131\u011f\u0131n\u0131n yol a\u00e7t\u0131\u011f\u0131 hasar\u0131 onard\u0131\u011f\u0131n\u0131 belirtti. #Telegram_Kanal\u0131m\u0131z:\u00a0https:\/\/t.me\/SuriyeArapHaberAjans<\/p>\n","protected":false},"author":36,"featured_media":262123,"comment_status":"closed","ping_status":"closed","sticky":false,"template":"","format":"standard","meta":{"footnotes":""},"categories":[479,17988,478],"tags":[],"class_list":["post-262122","post","type-post","status-publish","format-standard","has-post-thumbnail","","category-haberler-yerel","category-son-haberler","category-yerel"],"_links":{"self":[{"href":"https:\/\/archive.sana.sy\/tr\/index.php?rest_route=\/wp\/v2\/posts\/262122","targetHints":{"allow":["GET"]}}],"collection":[{"href":"https:\/\/archive.sana.sy\/tr\/index.php?rest_route=\/wp\/v2\/posts"}],"about":[{"href":"https:\/\/archive.sana.sy\/tr\/index.php?rest_route=\/wp\/v2\/types\/post"}],"author":[{"embeddable":true,"href":"https:\/\/archive.sana.sy\/tr\/index.php?rest_route=\/wp\/v2\/users\/36"}],"replies":[{"embeddable":true,"href":"https:\/\/archive.sana.sy\/tr\/index.php?rest_route=%2Fwp%2Fv2%2Fcomments&post=262122"}],"version-history":[{"count":0,"href":"https:\/\/archive.sana.sy\/tr\/index.php?rest_route=\/wp\/v2\/posts\/262122\/revisions"}],"wp:featuredmedia":[{"embeddable":true,"href":"https:\/\/archive.sana.sy\/tr\/index.php?rest_route=\/wp\/v2\/media\/262123"}],"wp:attachment":[{"href":"https:\/\/archive.sana.sy\/tr\/index.php?rest_route=%2Fwp%2Fv2%2Fmedia&parent=262122"}],"wp:term":[{"taxonomy":"category","embeddable":true,"href":"https:\/\/archive.sana.sy\/tr\/index.php?rest_route=%2Fwp%2Fv2%2Fcategories&post=262122"},{"taxonomy":"post_tag","embeddable":true,"href":"https:\/\/archive.sana.sy\/tr\/index.php?rest_route=%2Fwp%2Fv2%2Ftags&post=262122"}],"curies":[{"name":"wp","href":"https:\/\/api.w.org\/{rel}","templated":true}]}}