{"id":262135,"date":"2022-09-08T23:13:34","date_gmt":"2022-09-08T20:13:34","guid":{"rendered":"http:\/\/107.6.182.27\/tr\/?p=262135"},"modified":"2022-09-10T09:20:47","modified_gmt":"2022-09-10T06:20:47","slug":"rus-savunmasi-rus-havaciligi-idlibdeki-el-nusra-cephesine-ait-bir-kampi-imha-ederek-120den-fazla-terorist-oldurdu","status":"publish","type":"post","link":"https:\/\/archive.sana.sy\/tr\/?p=262135","title":{"rendered":"Rus Savunmas\u0131: Rus Havac\u0131l\u0131\u011f\u0131, \u0130dlib&#8217;deki El Nusra Cephesi\u2019ne Ait Bir Kamp\u0131 \u0130mha Ederek 120&#8217;den Fazla Ter\u00f6rist \u00d6ld\u00fcrd\u00fc"},"content":{"rendered":"<p>MOSKOVA \u2013 Rusya Savunma Bakanl\u0131\u011f\u0131, hava kuvvetlerinin \u0130dlib Valili\u011fi&#8217;nde uluslararas\u0131 ter\u00f6r listesinde yer alan ter\u00f6rist &#8220;El Nusra Cephesi&#8221;ne ait bir kamp\u0131 bombalad\u0131\u011f\u0131n\u0131 ve tamamen imha etti\u011fini ilan etti.<\/p>\n<p>Hmeymim\u2019deki Rusya Koordinasyon Merkezi ba\u015fkan yard\u0131mc\u0131s\u0131 T\u00fcmgeneral Oleg Yegorov yapt\u0131\u011f\u0131 bas\u0131n a\u00e7\u0131klamas\u0131nda, &#8220;Rus Hava Kuvvetleri bug\u00fcn \u0130dlib&#8217;in \u015eeyh Yusuf b\u00f6lgesinde El Nusra Cephesi ter\u00f6ristlerine ait bir kamp\u0131 imha ederek 120&#8217;den fazla ter\u00f6risti \u00f6ld\u00fcrd\u00fc&#8221; dedi.<\/p>\n<p>Rus askeri yetkilisi, &#8220;Rus hava sald\u0131r\u0131s\u0131 sonucunda ter\u00f6ristlere ait \u0130HA&#8217;lar\u0131n 4 kontrol noktas\u0131, f\u0131rlatma birimleri ve 20&#8217;ye yak\u0131n el dronunun etkisiz hale getirildi\u011fini&#8221; a\u00e7\u0131klad\u0131.<\/p>\n<p><span style=\"color: #0000ff;\">#Telegram_Kanal\u0131m\u0131z:\u00a0<a style=\"color: #0000ff;\" href=\"https:\/\/t.me\/SuriyeArapHaberAjans\">https:\/\/t.me\/SuriyeArapHaberAjans<\/a><\/span><\/p>\n<p>&nbsp;<\/p>\n<p>&nbsp;<\/p>\n","protected":false},"excerpt":{"rendered":"<p>MOSKOVA \u2013 Rusya Savunma Bakanl\u0131\u011f\u0131, hava kuvvetlerinin \u0130dlib Valili\u011fi&#8217;nde uluslararas\u0131 ter\u00f6r listesinde yer alan ter\u00f6rist &#8220;El Nusra Cephesi&#8221;ne ait bir kamp\u0131 bombalad\u0131\u011f\u0131n\u0131 ve tamamen imha etti\u011fini ilan etti. Hmeymim\u2019deki Rusya Koordinasyon Merkezi ba\u015fkan yard\u0131mc\u0131s\u0131 T\u00fcmgeneral Oleg Yegorov yapt\u0131\u011f\u0131 bas\u0131n a\u00e7\u0131klamas\u0131nda, &#8220;Rus Hava Kuvvetleri bug\u00fcn \u0130dlib&#8217;in \u015eeyh Yusuf b\u00f6lgesinde El Nusra Cephesi ter\u00f6ristlerine ait bir kamp\u0131 &hellip;<\/p>\n","protected":false},"author":36,"featured_media":262136,"comment_status":"closed","ping_status":"closed","sticky":false,"template":"","format":"standard","meta":{"footnotes":""},"categories":[458,459,17988],"tags":[],"class_list":["post-262135","post","type-post","status-publish","format-standard","has-post-thumbnail","","category-dunya1","category-haberler-arap-uluslararasi-politika","category-son-haberler"],"_links":{"self":[{"href":"https:\/\/archive.sana.sy\/tr\/index.php?rest_route=\/wp\/v2\/posts\/262135","targetHints":{"allow":["GET"]}}],"collection":[{"href":"https:\/\/archive.sana.sy\/tr\/index.php?rest_route=\/wp\/v2\/posts"}],"about":[{"href":"https:\/\/archive.sana.sy\/tr\/index.php?rest_route=\/wp\/v2\/types\/post"}],"author":[{"embeddable":true,"href":"https:\/\/archive.sana.sy\/tr\/index.php?rest_route=\/wp\/v2\/users\/36"}],"replies":[{"embeddable":true,"href":"https:\/\/archive.sana.sy\/tr\/index.php?rest_route=%2Fwp%2Fv2%2Fcomments&post=262135"}],"version-history":[{"count":0,"href":"https:\/\/archive.sana.sy\/tr\/index.php?rest_route=\/wp\/v2\/posts\/262135\/revisions"}],"wp:featuredmedia":[{"embeddable":true,"href":"https:\/\/archive.sana.sy\/tr\/index.php?rest_route=\/wp\/v2\/media\/262136"}],"wp:attachment":[{"href":"https:\/\/archive.sana.sy\/tr\/index.php?rest_route=%2Fwp%2Fv2%2Fmedia&parent=262135"}],"wp:term":[{"taxonomy":"category","embeddable":true,"href":"https:\/\/archive.sana.sy\/tr\/index.php?rest_route=%2Fwp%2Fv2%2Fcategories&post=262135"},{"taxonomy":"post_tag","embeddable":true,"href":"https:\/\/archive.sana.sy\/tr\/index.php?rest_route=%2Fwp%2Fv2%2Ftags&post=262135"}],"curies":[{"name":"wp","href":"https:\/\/api.w.org\/{rel}","templated":true}]}}