{"id":262145,"date":"2022-09-09T18:18:21","date_gmt":"2022-09-09T15:18:21","guid":{"rendered":"http:\/\/107.6.182.27\/tr\/?p=262145"},"modified":"2022-09-11T08:21:40","modified_gmt":"2022-09-11T05:21:40","slug":"isgalci-amerika-el-cezire-petrol-sahalarindan-88-tanker-dolusu-petrol-caldi","status":"publish","type":"post","link":"https:\/\/archive.sana.sy\/tr\/?p=262145","title":{"rendered":"\u0130\u015fgalci Amerika El Cezire Petrol Sahalar\u0131ndan 88 Tanker Dolusu Petrol \u00c7ald\u0131"},"content":{"rendered":"<p style=\"text-align: justify;\">HASEKE &#8211; Amerikan i\u015fgal g\u00fc\u00e7leri El Cezire sahalar\u0131ndan yeni bir parti Suriye petrol\u00fc \u00e7ald\u0131 ve Irak topraklar\u0131ndaki \u00fcslerine aktard\u0131.<\/p>\n<p style=\"text-align: justify;\">Haseke k\u0131rsal\u0131ndaki Yarubiya k\u0131rsal\u0131ndan yerel kaynaklar SANA muhabirine, \u00e7al\u0131nt\u0131 Suriye petrol\u00fcyle dolu 88 tankerden olu\u015fan Amerikan i\u015fgal kuvvetlerine ait bir konvoyun bug\u00fcn yasad\u0131\u015f\u0131 Mahmudiye ge\u00e7i\u015f noktas\u0131ndan ayr\u0131larak Irak topraklar\u0131na girdi\u011fini s\u00f6yledi.<\/p>\n<p style=\"text-align: justify;\">Kaynaklar, konvoyun kuzey Irak&#8217;taki ABD i\u015fgal \u00fcslerine do\u011fru gruplar halinde Suriye topraklar\u0131ndan ayr\u0131ld\u0131\u011f\u0131na dikkat \u00e7ekti.<\/p>\n<p style=\"text-align: justify;\">Ge\u00e7en hafta da i\u015fgal g\u00fc\u00e7leri, Amerikan i\u015fgal g\u00fc\u00e7lerinin h\u0131rs\u0131zl\u0131k operasyonlar\u0131 i\u00e7in kulland\u0131\u011f\u0131 yasad\u0131\u015f\u0131 ge\u00e7i\u015flerden petrol y\u00fckl\u00fc 300&#8217;den fazla petrol y\u00fckl\u00fc tanker \u00e7\u0131karm\u0131\u015ft\u0131.<\/p>\n<p><span style=\"color: #0000ff;\">#Telegram_Kanal\u0131m\u0131z:\u00a0<a style=\"color: #0000ff;\" href=\"https:\/\/t.me\/SuriyeArapHaberAjans\">https:\/\/t.me\/SuriyeArapHaberAjans<\/a><\/span><\/p>\n","protected":false},"excerpt":{"rendered":"<p>HASEKE &#8211; Amerikan i\u015fgal g\u00fc\u00e7leri El Cezire sahalar\u0131ndan yeni bir parti Suriye petrol\u00fc \u00e7ald\u0131 ve Irak topraklar\u0131ndaki \u00fcslerine aktard\u0131. Haseke k\u0131rsal\u0131ndaki Yarubiya k\u0131rsal\u0131ndan yerel kaynaklar SANA muhabirine, \u00e7al\u0131nt\u0131 Suriye petrol\u00fcyle dolu 88 tankerden olu\u015fan Amerikan i\u015fgal kuvvetlerine ait bir konvoyun bug\u00fcn yasad\u0131\u015f\u0131 Mahmudiye ge\u00e7i\u015f noktas\u0131ndan ayr\u0131larak Irak topraklar\u0131na girdi\u011fini s\u00f6yledi. Kaynaklar, konvoyun kuzey Irak&#8217;taki ABD &hellip;<\/p>\n","protected":false},"author":1,"featured_media":262146,"comment_status":"closed","ping_status":"closed","sticky":false,"template":"","format":"standard","meta":{"footnotes":""},"categories":[479,575,17988,478],"tags":[],"class_list":["post-262145","post","type-post","status-publish","format-standard","has-post-thumbnail","","category-haberler-yerel","category-olaylar-ve-gercekler","category-son-haberler","category-yerel"],"_links":{"self":[{"href":"https:\/\/archive.sana.sy\/tr\/index.php?rest_route=\/wp\/v2\/posts\/262145","targetHints":{"allow":["GET"]}}],"collection":[{"href":"https:\/\/archive.sana.sy\/tr\/index.php?rest_route=\/wp\/v2\/posts"}],"about":[{"href":"https:\/\/archive.sana.sy\/tr\/index.php?rest_route=\/wp\/v2\/types\/post"}],"author":[{"embeddable":true,"href":"https:\/\/archive.sana.sy\/tr\/index.php?rest_route=\/wp\/v2\/users\/1"}],"replies":[{"embeddable":true,"href":"https:\/\/archive.sana.sy\/tr\/index.php?rest_route=%2Fwp%2Fv2%2Fcomments&post=262145"}],"version-history":[{"count":0,"href":"https:\/\/archive.sana.sy\/tr\/index.php?rest_route=\/wp\/v2\/posts\/262145\/revisions"}],"wp:featuredmedia":[{"embeddable":true,"href":"https:\/\/archive.sana.sy\/tr\/index.php?rest_route=\/wp\/v2\/media\/262146"}],"wp:attachment":[{"href":"https:\/\/archive.sana.sy\/tr\/index.php?rest_route=%2Fwp%2Fv2%2Fmedia&parent=262145"}],"wp:term":[{"taxonomy":"category","embeddable":true,"href":"https:\/\/archive.sana.sy\/tr\/index.php?rest_route=%2Fwp%2Fv2%2Fcategories&post=262145"},{"taxonomy":"post_tag","embeddable":true,"href":"https:\/\/archive.sana.sy\/tr\/index.php?rest_route=%2Fwp%2Fv2%2Ftags&post=262145"}],"curies":[{"name":"wp","href":"https:\/\/api.w.org\/{rel}","templated":true}]}}