{"id":262148,"date":"2022-09-09T18:35:03","date_gmt":"2022-09-09T15:35:03","guid":{"rendered":"http:\/\/107.6.182.27\/tr\/?p=262148"},"modified":"2022-09-11T08:21:54","modified_gmt":"2022-09-11T05:21:54","slug":"kultur-iliskilerini-gelistirmede-suriye-iran-gorusmeleri","status":"publish","type":"post","link":"https:\/\/archive.sana.sy\/tr\/?p=262148","title":{"rendered":"K\u00fclt\u00fcr \u0130li\u015fkilerini Geli\u015ftirmede Suriye \u0130ran G\u00f6r\u00fc\u015fmeleri"},"content":{"rendered":"<p style=\"text-align: justify;\">TAHRAN &#8211; K\u00fclt\u00fcr Bakan\u0131 Dr. Lubana Muiavvah bug\u00fcn Tahran&#8217;da \u0130ran K\u00fclt\u00fcr ve \u0130slami \u0130li\u015fkiler Derne\u011fi ba\u015fkan\u0131 Muhammed Mehdi \u0130manipor ile iki \u00fclke aras\u0131ndaki k\u00fclt\u00fcrel ili\u015fkileri geli\u015ftirmenin yollar\u0131n\u0131 g\u00f6r\u00fc\u015ft\u00fc.<\/p>\n<p style=\"text-align: justify;\">Dr. Mu\u015favvah, k\u00fclt\u00fcrel ili\u015fkilerin geli\u015ftirilmesinin ve siyasi ili\u015fkiler d\u00fczeyine y\u00fckselmek i\u00e7in ufuklar\u0131n\u0131n geni\u015fletilmesinin \u00f6nemine i\u015faret ederek, K\u00fclt\u00fcr Bakanl\u0131\u011f\u0131&#8217;n\u0131n sinema alan\u0131nda \u0130ran taraf\u0131 ile i\u015fbirli\u011fi yapma arzusunu dile getirdi ve \u0130ran sinemas\u0131n\u0131n sahip oldu\u011fu b\u00fcy\u00fck deneyim sayesinde yap\u0131m, senaryo ve film end\u00fcstrisinin t\u00fcm bile\u015fenlerinde ve do\u011fu m\u00fczi\u011finde \u0130ran sinemas\u0131 uzmanl\u0131\u011f\u0131ndan yararlanma imkan\u0131na dikkat \u00e7ekti.<\/p>\n<p style=\"text-align: justify;\">Kendi y\u00f6n\u00fcnden Mahdipor ise \u0130ran taraf\u0131n\u0131n iki \u00fclke aras\u0131ndaki k\u00fclt\u00fcrel ili\u015fkileri her d\u00fczeyde geli\u015ftirmeye, \u0130ran&#8217;da bir Suriye k\u00fclt\u00fcr haftas\u0131 kurmaya ve Suriye&#8217;de Fars\u00e7a kurslar\u0131 a\u00e7maya haz\u0131r oldu\u011funu belirtti.<\/p>\n<p style=\"text-align: justify;\">\u0130ki \u00fclke aras\u0131nda k\u00fclt\u00fcrel alanda imzalanan mutabakat zapt\u0131 \u015fartlar\u0131n\u0131n yeniden g\u00f6zden ge\u00e7irilmesi ve geli\u015ftirilmesinin gereklili\u011fi konusunda mutab\u0131k kalan iki taraf, bu ay \u015eam&#8217;da d\u00fczenlenecek \u0130ran k\u00fclt\u00fcr haftas\u0131n\u0131n program\u0131 hakk\u0131nda da g\u00f6r\u00fc\u015f al\u0131\u015fveri\u015finde bulundu.<\/p>\n<p style=\"text-align: justify;\">Toplant\u0131ya, Sinema Genel Kurumu M\u00fcd\u00fcr\u00fc Murad \u015eahin, K\u00fclt\u00fcr Bakanl\u0131\u011f\u0131 \u0130leti\u015fim ve \u0130dari Destek Ofisi M\u00fcd\u00fcr\u00fc Nuha Vennus, Bakanl\u0131k Yeti\u015fkin E\u011fitimi ve K\u00fclt\u00fcrel Geli\u015fim Direkt\u00f6r\u00fc Bessam Deyup ile Suriye&#8217;nin Tahran B\u00fcy\u00fckel\u00e7ili\u011fi&#8217;nin diplomatik misyon temsilcisi \u015eazan Esved kat\u0131ld\u0131.<\/p>\n<p><span style=\"color: #0000ff;\">#Telegram_Kanal\u0131m\u0131z:\u00a0<a style=\"color: #0000ff;\" href=\"https:\/\/t.me\/SuriyeArapHaberAjans\">https:\/\/t.me\/SuriyeArapHaberAjans<\/a><\/span><\/p>\n","protected":false},"excerpt":{"rendered":"<p>TAHRAN &#8211; K\u00fclt\u00fcr Bakan\u0131 Dr. Lubana Muiavvah bug\u00fcn Tahran&#8217;da \u0130ran K\u00fclt\u00fcr ve \u0130slami \u0130li\u015fkiler Derne\u011fi ba\u015fkan\u0131 Muhammed Mehdi \u0130manipor ile iki \u00fclke aras\u0131ndaki k\u00fclt\u00fcrel ili\u015fkileri geli\u015ftirmenin yollar\u0131n\u0131 g\u00f6r\u00fc\u015ft\u00fc. Dr. Mu\u015favvah, k\u00fclt\u00fcrel ili\u015fkilerin geli\u015ftirilmesinin ve siyasi ili\u015fkiler d\u00fczeyine y\u00fckselmek i\u00e7in ufuklar\u0131n\u0131n geni\u015fletilmesinin \u00f6nemine i\u015faret ederek, K\u00fclt\u00fcr Bakanl\u0131\u011f\u0131&#8217;n\u0131n sinema alan\u0131nda \u0130ran taraf\u0131 ile i\u015fbirli\u011fi yapma arzusunu dile &hellip;<\/p>\n","protected":false},"author":1,"featured_media":262149,"comment_status":"closed","ping_status":"closed","sticky":false,"template":"","format":"standard","meta":{"footnotes":""},"categories":[458,516,459,511,17988],"tags":[],"class_list":["post-262148","post","type-post","status-publish","format-standard","has-post-thumbnail","","category-dunya1","category-haberler-kultur-ve-sanat","category-haberler-arap-uluslararasi-politika","category-kultur-ve-sanat","category-son-haberler"],"_links":{"self":[{"href":"https:\/\/archive.sana.sy\/tr\/index.php?rest_route=\/wp\/v2\/posts\/262148","targetHints":{"allow":["GET"]}}],"collection":[{"href":"https:\/\/archive.sana.sy\/tr\/index.php?rest_route=\/wp\/v2\/posts"}],"about":[{"href":"https:\/\/archive.sana.sy\/tr\/index.php?rest_route=\/wp\/v2\/types\/post"}],"author":[{"embeddable":true,"href":"https:\/\/archive.sana.sy\/tr\/index.php?rest_route=\/wp\/v2\/users\/1"}],"replies":[{"embeddable":true,"href":"https:\/\/archive.sana.sy\/tr\/index.php?rest_route=%2Fwp%2Fv2%2Fcomments&post=262148"}],"version-history":[{"count":0,"href":"https:\/\/archive.sana.sy\/tr\/index.php?rest_route=\/wp\/v2\/posts\/262148\/revisions"}],"wp:featuredmedia":[{"embeddable":true,"href":"https:\/\/archive.sana.sy\/tr\/index.php?rest_route=\/wp\/v2\/media\/262149"}],"wp:attachment":[{"href":"https:\/\/archive.sana.sy\/tr\/index.php?rest_route=%2Fwp%2Fv2%2Fmedia&parent=262148"}],"wp:term":[{"taxonomy":"category","embeddable":true,"href":"https:\/\/archive.sana.sy\/tr\/index.php?rest_route=%2Fwp%2Fv2%2Fcategories&post=262148"},{"taxonomy":"post_tag","embeddable":true,"href":"https:\/\/archive.sana.sy\/tr\/index.php?rest_route=%2Fwp%2Fv2%2Ftags&post=262148"}],"curies":[{"name":"wp","href":"https:\/\/api.w.org\/{rel}","templated":true}]}}