{"id":262167,"date":"2022-09-10T11:38:41","date_gmt":"2022-09-10T08:38:41","guid":{"rendered":"http:\/\/107.6.182.27\/tr\/?p=262167"},"modified":"2022-09-12T13:37:22","modified_gmt":"2022-09-12T10:37:22","slug":"ukraynadaki-rus-askeri-operasyonundaki-gelismeler-27","status":"publish","type":"post","link":"https:\/\/archive.sana.sy\/tr\/?p=262167","title":{"rendered":"Ukrayna\u2019daki Rus Askeri Operasyonundaki Geli\u015fmeler"},"content":{"rendered":"<ul>\n<li>Medvedev: Kiev rejimi t\u00fcm Rus ko\u015fullar\u0131na teslim olmak zorunda kalacak.<\/li>\n<li>Ukrayna&#8217;n\u0131n Rusya&#8217;n\u0131n Kursk eyaletinde bir k\u00f6ye bombal\u0131 sald\u0131r\u0131.<\/li>\n<li>Rus g\u00fcvenli\u011fi, Herson ve K\u0131r\u0131m&#8217;daki ter\u00f6r sald\u0131r\u0131lar\u0131n\u0131 engelledi.<\/li>\n<li>Zaporozhye yetkilileri: Kiev rejimi n\u00fckleer santralden elektrik \u00e7ekmeyi durdurdu.<\/li>\n<li>Donetsk: Kiev rejiminin k\u00f6y ve kasabalar\u0131 s\u00fcrekli bombalamas\u0131 sonucu 8 sivil \u00f6ld\u00fc.<\/li>\n<\/ul>\n<p><span style=\"color: #0000ff;\">#Telegram_Kanal\u0131m\u0131z:\u00a0<a style=\"color: #0000ff;\" href=\"https:\/\/t.me\/SuriyeArapHaberAjans\">https:\/\/t.me\/SuriyeArapHaberAjans<\/a><\/span><\/p>\n","protected":false},"excerpt":{"rendered":"<p>Medvedev: Kiev rejimi t\u00fcm Rus ko\u015fullar\u0131na teslim olmak zorunda kalacak. Ukrayna&#8217;n\u0131n Rusya&#8217;n\u0131n Kursk eyaletinde bir k\u00f6ye bombal\u0131 sald\u0131r\u0131. Rus g\u00fcvenli\u011fi, Herson ve K\u0131r\u0131m&#8217;daki ter\u00f6r sald\u0131r\u0131lar\u0131n\u0131 engelledi. Zaporozhye yetkilileri: Kiev rejimi n\u00fckleer santralden elektrik \u00e7ekmeyi durdurdu. Donetsk: Kiev rejiminin k\u00f6y ve kasabalar\u0131 s\u00fcrekli bombalamas\u0131 sonucu 8 sivil \u00f6ld\u00fc. #Telegram_Kanal\u0131m\u0131z:\u00a0https:\/\/t.me\/SuriyeArapHaberAjans<\/p>\n","protected":false},"author":36,"featured_media":262168,"comment_status":"closed","ping_status":"closed","sticky":false,"template":"","format":"standard","meta":{"footnotes":""},"categories":[458,459,17988],"tags":[],"class_list":["post-262167","post","type-post","status-publish","format-standard","has-post-thumbnail","","category-dunya1","category-haberler-arap-uluslararasi-politika","category-son-haberler"],"_links":{"self":[{"href":"https:\/\/archive.sana.sy\/tr\/index.php?rest_route=\/wp\/v2\/posts\/262167","targetHints":{"allow":["GET"]}}],"collection":[{"href":"https:\/\/archive.sana.sy\/tr\/index.php?rest_route=\/wp\/v2\/posts"}],"about":[{"href":"https:\/\/archive.sana.sy\/tr\/index.php?rest_route=\/wp\/v2\/types\/post"}],"author":[{"embeddable":true,"href":"https:\/\/archive.sana.sy\/tr\/index.php?rest_route=\/wp\/v2\/users\/36"}],"replies":[{"embeddable":true,"href":"https:\/\/archive.sana.sy\/tr\/index.php?rest_route=%2Fwp%2Fv2%2Fcomments&post=262167"}],"version-history":[{"count":0,"href":"https:\/\/archive.sana.sy\/tr\/index.php?rest_route=\/wp\/v2\/posts\/262167\/revisions"}],"wp:featuredmedia":[{"embeddable":true,"href":"https:\/\/archive.sana.sy\/tr\/index.php?rest_route=\/wp\/v2\/media\/262168"}],"wp:attachment":[{"href":"https:\/\/archive.sana.sy\/tr\/index.php?rest_route=%2Fwp%2Fv2%2Fmedia&parent=262167"}],"wp:term":[{"taxonomy":"category","embeddable":true,"href":"https:\/\/archive.sana.sy\/tr\/index.php?rest_route=%2Fwp%2Fv2%2Fcategories&post=262167"},{"taxonomy":"post_tag","embeddable":true,"href":"https:\/\/archive.sana.sy\/tr\/index.php?rest_route=%2Fwp%2Fv2%2Ftags&post=262167"}],"curies":[{"name":"wp","href":"https:\/\/api.w.org\/{rel}","templated":true}]}}