{"id":262170,"date":"2022-09-10T14:58:54","date_gmt":"2022-09-10T11:58:54","guid":{"rendered":"http:\/\/107.6.182.27\/tr\/?p=262170"},"modified":"2022-09-11T08:22:13","modified_gmt":"2022-09-11T05:22:13","slug":"isgalci-amerika-isgal-askeri-techizat-cikarmayi-surduruyor","status":"publish","type":"post","link":"https:\/\/archive.sana.sy\/tr\/?p=262170","title":{"rendered":"\u0130\u015fgalci Amerika Askeri Te\u00e7hizat \u00c7\u0131karmay\u0131 S\u00fcrd\u00fcr\u00fcyor"},"content":{"rendered":"<p>HASEKE &#8211; Amerikan i\u015fgal g\u00fc\u00e7leri, yasad\u0131\u011f\u0131 El Velid ge\u00e7idi \u00fczerinden askeri te\u00e7hizatlarla\u00a0 dolu bir konvoyu Suriye topraklar\u0131ndan\u00a0 Irak\u2019\u0131n kuzeyinde yer alan \u00fcslerine \u00e7\u0131kard\u0131.<\/p>\n<p>Yarubiye k\u0131rsal\u0131ndan yerel kaynaklar SANA muhabirine yapt\u0131\u011f\u0131 a\u00e7\u0131klamada, askeri te\u00e7hizat ve z\u0131rhl\u0131 ara\u00e7lar ta\u015f\u0131yan thermo king ve tankerler ile muhtemelen hasarl\u0131 askeri ara\u00e7lar\u0131 ta\u015f\u0131yan \u00e7ok say\u0131da kamyondan olu\u015fan 100 ara\u00e7l\u0131k\u00a0 bir konvoyun bu sabah 7.30&#8217;da \u00a0El Velid ge\u00e7idinden ayr\u0131ld\u0131\u011f\u0131n\u0131 belirtti.<\/p>\n<p><span style=\"color: #0000ff;\">#Telegram_Kanal\u0131m\u0131z:\u00a0<a style=\"color: #0000ff;\" href=\"https:\/\/t.me\/SuriyeArapHaberAjans\">https:\/\/t.me\/SuriyeArapHaberAjans<\/a><\/span><\/p>\n<p>&nbsp;<\/p>\n<p>&nbsp;<\/p>\n","protected":false},"excerpt":{"rendered":"<p>HASEKE &#8211; Amerikan i\u015fgal g\u00fc\u00e7leri, yasad\u0131\u011f\u0131 El Velid ge\u00e7idi \u00fczerinden askeri te\u00e7hizatlarla\u00a0 dolu bir konvoyu Suriye topraklar\u0131ndan\u00a0 Irak\u2019\u0131n kuzeyinde yer alan \u00fcslerine \u00e7\u0131kard\u0131. Yarubiye k\u0131rsal\u0131ndan yerel kaynaklar SANA muhabirine yapt\u0131\u011f\u0131 a\u00e7\u0131klamada, askeri te\u00e7hizat ve z\u0131rhl\u0131 ara\u00e7lar ta\u015f\u0131yan thermo king ve tankerler ile muhtemelen hasarl\u0131 askeri ara\u00e7lar\u0131 ta\u015f\u0131yan \u00e7ok say\u0131da kamyondan olu\u015fan 100 ara\u00e7l\u0131k\u00a0 bir konvoyun &hellip;<\/p>\n","protected":false},"author":41,"featured_media":262171,"comment_status":"closed","ping_status":"closed","sticky":false,"template":"","format":"standard","meta":{"footnotes":""},"categories":[479,575,17988,478],"tags":[],"class_list":["post-262170","post","type-post","status-publish","format-standard","has-post-thumbnail","","category-haberler-yerel","category-olaylar-ve-gercekler","category-son-haberler","category-yerel"],"_links":{"self":[{"href":"https:\/\/archive.sana.sy\/tr\/index.php?rest_route=\/wp\/v2\/posts\/262170","targetHints":{"allow":["GET"]}}],"collection":[{"href":"https:\/\/archive.sana.sy\/tr\/index.php?rest_route=\/wp\/v2\/posts"}],"about":[{"href":"https:\/\/archive.sana.sy\/tr\/index.php?rest_route=\/wp\/v2\/types\/post"}],"author":[{"embeddable":true,"href":"https:\/\/archive.sana.sy\/tr\/index.php?rest_route=\/wp\/v2\/users\/41"}],"replies":[{"embeddable":true,"href":"https:\/\/archive.sana.sy\/tr\/index.php?rest_route=%2Fwp%2Fv2%2Fcomments&post=262170"}],"version-history":[{"count":0,"href":"https:\/\/archive.sana.sy\/tr\/index.php?rest_route=\/wp\/v2\/posts\/262170\/revisions"}],"wp:featuredmedia":[{"embeddable":true,"href":"https:\/\/archive.sana.sy\/tr\/index.php?rest_route=\/wp\/v2\/media\/262171"}],"wp:attachment":[{"href":"https:\/\/archive.sana.sy\/tr\/index.php?rest_route=%2Fwp%2Fv2%2Fmedia&parent=262170"}],"wp:term":[{"taxonomy":"category","embeddable":true,"href":"https:\/\/archive.sana.sy\/tr\/index.php?rest_route=%2Fwp%2Fv2%2Fcategories&post=262170"},{"taxonomy":"post_tag","embeddable":true,"href":"https:\/\/archive.sana.sy\/tr\/index.php?rest_route=%2Fwp%2Fv2%2Ftags&post=262170"}],"curies":[{"name":"wp","href":"https:\/\/api.w.org\/{rel}","templated":true}]}}