{"id":262176,"date":"2022-09-10T16:12:12","date_gmt":"2022-09-10T13:12:12","guid":{"rendered":"http:\/\/107.6.182.27\/tr\/?p=262176"},"modified":"2022-09-11T13:22:53","modified_gmt":"2022-09-11T10:22:53","slug":"seyma-sukkar-asya-penc-pres-sampiyonasinda-suriyeye-2-altin-madalyasini-kazandirdi","status":"publish","type":"post","link":"https:\/\/archive.sana.sy\/tr\/?p=262176","title":{"rendered":"\u015eeyma Sukkar, Asya Pen\u00e7 Pres \u00a0\u015eampiyonas\u0131nda Suriye\u2019ye 2. Alt\u0131n Madalyas\u0131n\u0131 Kazand\u0131rd\u0131"},"content":{"rendered":"<p>ULAN BATUR \u2013\u00a0 Suriye pen\u00e7 pres tak\u0131m\u0131 sporcusu \u015eeyma Sukkar, \u015fu anda Mo\u011folistan\u2019\u0131n ba\u015fkenti Ulan Batur&#8217;da d\u00fczenlenen Asya \u015eampiyonas\u0131&#8217;nda dokuz tak\u0131m\u0131n kat\u0131l\u0131m\u0131yla Suriye\u2019ye ikinci bir alt\u0131n madalyas\u0131n\u0131 ekledi.<\/p>\n<p>Sukkar, (Klasik G\u00f6\u011f\u00fcs) m\u00fcsabakas\u0131nda Hintli \u015fampiyon ad\u0131na tescil edilen \u00f6nceki\u00a0 50 kilogram\u0131\u00a0 a\u015farak \u00a080 kilo kald\u0131rmas\u0131ndan sonra Asya rekoru k\u0131rd\u0131.<\/p>\n<p>Sukkar, \u00f6nceki g\u00fcn (\u00fcst g\u00f6\u011f\u00fcs) yar\u0131\u015fmas\u0131nda 77.5 kg kald\u0131rd\u0131ktan sonra ilk alt\u0131n\u0131 kazanm\u0131\u015ft\u0131.<\/p>\n<p><span style=\"color: #0000ff;\">#Telegram_Kanal\u0131m\u0131z:\u00a0<a style=\"color: #0000ff;\" href=\"https:\/\/t.me\/SuriyeArapHaberAjans\">https:\/\/t.me\/SuriyeArapHaberAjans<\/a><\/span><\/p>\n<p>&nbsp;<\/p>\n<div id='gallery-1' class='gallery galleryid-262176 gallery-columns-2 gallery-size-full'><figure class='gallery-item'>\n\t\t\t<div class='gallery-icon landscape'>\n\t\t\t\t<a href='https:\/\/archive.sana.sy\/tr\/wp-content\/uploads\/2022\/09\/1-4.jpg'><img loading=\"lazy\" decoding=\"async\" width=\"300\" height=\"168\" src=\"https:\/\/archive.sana.sy\/tr\/wp-content\/uploads\/2022\/09\/1-4.jpg\" class=\"attachment-full size-full\" alt=\"\" srcset=\"https:\/\/archive.sana.sy\/tr\/wp-content\/uploads\/2022\/09\/1-4.jpg 300w, https:\/\/archive.sana.sy\/tr\/wp-content\/uploads\/2022\/09\/1-4-150x84.jpg 150w\" sizes=\"auto, (max-width: 300px) 100vw, 300px\" \/><\/a>\n\t\t\t<\/div><\/figure><figure class='gallery-item'>\n\t\t\t<div class='gallery-icon landscape'>\n\t\t\t\t<a href='https:\/\/archive.sana.sy\/tr\/wp-content\/uploads\/2022\/09\/0-11.jpg'><img loading=\"lazy\" decoding=\"async\" width=\"300\" height=\"168\" src=\"https:\/\/archive.sana.sy\/tr\/wp-content\/uploads\/2022\/09\/0-11.jpg\" class=\"attachment-full size-full\" alt=\"\" srcset=\"https:\/\/archive.sana.sy\/tr\/wp-content\/uploads\/2022\/09\/0-11.jpg 300w, https:\/\/archive.sana.sy\/tr\/wp-content\/uploads\/2022\/09\/0-11-150x84.jpg 150w\" sizes=\"auto, (max-width: 300px) 100vw, 300px\" \/><\/a>\n\t\t\t<\/div><\/figure>\n\t\t<\/div>\n\n","protected":false},"excerpt":{"rendered":"<p>ULAN BATUR \u2013\u00a0 Suriye pen\u00e7 pres tak\u0131m\u0131 sporcusu \u015eeyma Sukkar, \u015fu anda Mo\u011folistan\u2019\u0131n ba\u015fkenti Ulan Batur&#8217;da d\u00fczenlenen Asya \u015eampiyonas\u0131&#8217;nda dokuz tak\u0131m\u0131n kat\u0131l\u0131m\u0131yla Suriye\u2019ye ikinci bir alt\u0131n madalyas\u0131n\u0131 ekledi. Sukkar, (Klasik G\u00f6\u011f\u00fcs) m\u00fcsabakas\u0131nda Hintli \u015fampiyon ad\u0131na tescil edilen \u00f6nceki\u00a0 50 kilogram\u0131\u00a0 a\u015farak \u00a080 kilo kald\u0131rmas\u0131ndan sonra Asya rekoru k\u0131rd\u0131. Sukkar, \u00f6nceki g\u00fcn (\u00fcst g\u00f6\u011f\u00fcs) yar\u0131\u015fmas\u0131nda 77.5 &hellip;<\/p>\n","protected":false},"author":41,"featured_media":262177,"comment_status":"closed","ping_status":"closed","sticky":false,"template":"","format":"standard","meta":{"footnotes":""},"categories":[498,17988,496],"tags":[],"class_list":["post-262176","post","type-post","status-publish","format-standard","has-post-thumbnail","","category-dunya-turnuvalari","category-son-haberler","category-spor"],"_links":{"self":[{"href":"https:\/\/archive.sana.sy\/tr\/index.php?rest_route=\/wp\/v2\/posts\/262176","targetHints":{"allow":["GET"]}}],"collection":[{"href":"https:\/\/archive.sana.sy\/tr\/index.php?rest_route=\/wp\/v2\/posts"}],"about":[{"href":"https:\/\/archive.sana.sy\/tr\/index.php?rest_route=\/wp\/v2\/types\/post"}],"author":[{"embeddable":true,"href":"https:\/\/archive.sana.sy\/tr\/index.php?rest_route=\/wp\/v2\/users\/41"}],"replies":[{"embeddable":true,"href":"https:\/\/archive.sana.sy\/tr\/index.php?rest_route=%2Fwp%2Fv2%2Fcomments&post=262176"}],"version-history":[{"count":0,"href":"https:\/\/archive.sana.sy\/tr\/index.php?rest_route=\/wp\/v2\/posts\/262176\/revisions"}],"wp:featuredmedia":[{"embeddable":true,"href":"https:\/\/archive.sana.sy\/tr\/index.php?rest_route=\/wp\/v2\/media\/262177"}],"wp:attachment":[{"href":"https:\/\/archive.sana.sy\/tr\/index.php?rest_route=%2Fwp%2Fv2%2Fmedia&parent=262176"}],"wp:term":[{"taxonomy":"category","embeddable":true,"href":"https:\/\/archive.sana.sy\/tr\/index.php?rest_route=%2Fwp%2Fv2%2Fcategories&post=262176"},{"taxonomy":"post_tag","embeddable":true,"href":"https:\/\/archive.sana.sy\/tr\/index.php?rest_route=%2Fwp%2Fv2%2Ftags&post=262176"}],"curies":[{"name":"wp","href":"https:\/\/api.w.org\/{rel}","templated":true}]}}