{"id":262192,"date":"2022-09-10T23:28:04","date_gmt":"2022-09-10T20:28:04","guid":{"rendered":"http:\/\/107.6.182.27\/tr\/?p=262192"},"modified":"2022-09-11T08:24:15","modified_gmt":"2022-09-11T05:24:15","slug":"saglik-bakanligi-halepte-15-kolera-vakasinin-kaydedildigini-ilan-etti","status":"publish","type":"post","link":"https:\/\/archive.sana.sy\/tr\/?p=262192","title":{"rendered":"Sa\u011fl\u0131k Bakanl\u0131\u011f\u0131 Halep&#8217;te 15 Kolera Vakas\u0131n\u0131n Kaydedildi\u011fini \u0130lan Etti"},"content":{"rendered":"<p style=\"text-align: justify;\">HALEP _ \u015eAM_ Sa\u011fl\u0131k Bakanl\u0131\u011f\u0131 Halep Valili\u011fi&#8217;nde 15 kolera vakas\u0131n\u0131n kaydedildi\u011fini ve hastanelerde tedavilerinin s\u00fcrd\u00fcr\u00fcld\u00fc\u011f\u00fcn\u00fc duyurdu.<\/p>\n<p style=\"text-align: justify;\">Bakanl\u0131k SANA&#8217;n\u0131n bug\u00fcn bir kopyas\u0131n\u0131 ald\u0131\u011f\u0131 bir a\u00e7\u0131klamas\u0131nda, epidemiyolojik ara\u015ft\u0131rma ekiplerinin devam eden \u00e7al\u0131\u015fmalar\u0131n\u0131n bir par\u00e7as\u0131 olarak Halep&#8217;te s\u0131k kusma ile birlikte ishalden \u015fikayet eden 9 ya\u015f\u0131ndaki bir erkek \u00e7ocuk i\u00e7in \u015f\u00fcpheli bir kolera vakas\u0131 tespit edildi\u011fini, an\u0131nda m\u00fcdahalenin yap\u0131ld\u0131\u011f\u0131n\u0131 \u00e7ocu\u011fun hastaneye kald\u0131r\u0131larak gerekli tahlillerin yap\u0131lmas\u0131 i\u00e7in Halk Sa\u011fl\u0131\u011f\u0131 Laboratuvarlar\u0131 M\u00fcd\u00fcrl\u00fc\u011f\u00fc&#8217;ne numune g\u00f6nderildi\u011fini ve sonucun pozitif \u00e7\u0131kt\u0131\u011f\u0131n\u0131 belirterek, \u00e7ocu\u011fun birka\u00e7 g\u00fcn sonra taburcu edildi\u011fi ve gerekli tedavinin ard\u0131ndan genel sa\u011fl\u0131k durumunun normal ve stabil oldu\u011funa dikkat \u00e7ekildi.<\/p>\n<p style=\"text-align: justify;\">Bakanl\u0131k, hastanelerde herhangi bir vakan\u0131n epidemiyolojik g\u00f6zetimini, temasl\u0131lar\u0131n ara\u015ft\u0131r\u0131lmas\u0131n\u0131, \u015f\u00fcpheli vakalar i\u00e7in izolasyon odalar\u0131n\u0131n tahsisini ve hasta tesislerinin dezenfeksiyonunu yo\u011funla\u015ft\u0131rd\u0131\u011f\u0131n\u0131, ilgili makamlarla i\u015fbirli\u011fi i\u00e7inde, \u00f6zellikle ma\u011fdurun yerle\u015fim b\u00f6lgesinden olmak \u00fczere kanalizasyon ve su \u015febekesinden numuneler al\u0131narak, su g\u00fcvenli\u011fi \u00fczerindeki kontrol\u00fcn s\u0131k\u0131la\u015ft\u0131r\u0131larak, i\u00e7ine klor konuldu\u011funu ve temasl\u0131lara \u00f6nleyici tedavi uygulanaca\u011f\u0131n\u0131 dile getirdi.<\/p>\n<p style=\"text-align: justify;\">Bakanl\u0131k, ayn\u0131 d\u00f6nemde Halep hastanelerinde sindirim bozukluklar\u0131ndan \u015fikayet eden hasta say\u0131s\u0131nda art\u0131\u015f kaydedildi\u011fini, baz\u0131 \u015f\u00fcpheli vakalar\u0131n incelenmesinin ard\u0131ndan pozitif sonu\u00e7lar al\u0131nd\u0131\u011f\u0131n\u0131, bu nedenle uygun tedavi ve \u00f6nleyici tedbirlerin derhal al\u0131nd\u0131\u011f\u0131n\u0131 s\u00f6yledi.<\/p>\n<p style=\"text-align: justify;\">Bakanl\u0131ktan yap\u0131lan a\u00e7\u0131klamaya g\u00f6re, numune ve analizlerin pozitif \u00e7\u0131kt\u0131\u011f\u0131 hastanede tedavi g\u00f6ren 15 vakan\u0131n pozitif \u00e7\u0131kt\u0131\u011f\u0131n\u0131 ayr\u0131ca bir pozitif numunenin kanalizasyondan ve bir di\u011fer pozitif numunenin de hemen kapat\u0131lan bir buz fabrikas\u0131ndan \u00e7\u0131kt\u0131\u011f\u0131n\u0131 kaydetti.<\/p>\n<p style=\"text-align: justify;\">Bakanl\u0131k, hastal\u0131\u011f\u0131n 24 saat epidemiyolojik s\u00fcrveyans\u0131n\u0131 y\u00fcr\u00fctt\u00fc\u011f\u00fcne dikkat \u00e7ekerek, tedavinin her \u015fekilde mevcut oldu\u011funu ve \u015fimdiye kadar s\u0131n\u0131rl\u0131 vaka say\u0131s\u0131nda herhangi bir art\u0131\u015f beklentisiyle hastanelerin g\u00fc\u00e7lendirildi\u011fini ve ek bir tedavi sto\u011fu sa\u011fland\u0131\u011f\u0131n\u0131 belirtti.<\/p>\n<p style=\"text-align: justify;\">Bakanl\u0131k a\u00e7\u0131klamas\u0131nda, vatanda\u015flara el y\u0131kamak, g\u00fcvenli kaynaktan su i\u00e7mek, meyve ve sebzeleri iyi y\u0131kamak, yeme\u011fi pi\u015firmek ve uygun s\u0131cakl\u0131kta tutmak, me\u00e7hul herhangi bir \u015fey i\u00e7memek ve yememek gibi halk sa\u011fl\u0131\u011f\u0131 prosed\u00fcr ve davran\u0131\u015flar\u0131na uymalar\u0131 \u00e7a\u011fr\u0131s\u0131nda bulundu ve enfeksiyon \u015f\u00fcphesi durumunda erken t\u0131bbi yard\u0131m al\u0131nmas\u0131na \u00e7a\u011fr\u0131 yapt\u0131.<\/p>\n<p><span style=\"color: #0000ff;\">#Telegram_Kanal\u0131m\u0131z:\u00a0<a style=\"color: #0000ff;\" href=\"https:\/\/t.me\/SuriyeArapHaberAjans\">https:\/\/t.me\/SuriyeArapHaberAjans<\/a><\/span><\/p>\n","protected":false},"excerpt":{"rendered":"<p>HALEP _ \u015eAM_ Sa\u011fl\u0131k Bakanl\u0131\u011f\u0131 Halep Valili\u011fi&#8217;nde 15 kolera vakas\u0131n\u0131n kaydedildi\u011fini ve hastanelerde tedavilerinin s\u00fcrd\u00fcr\u00fcld\u00fc\u011f\u00fcn\u00fc duyurdu. Bakanl\u0131k SANA&#8217;n\u0131n bug\u00fcn bir kopyas\u0131n\u0131 ald\u0131\u011f\u0131 bir a\u00e7\u0131klamas\u0131nda, epidemiyolojik ara\u015ft\u0131rma ekiplerinin devam eden \u00e7al\u0131\u015fmalar\u0131n\u0131n bir par\u00e7as\u0131 olarak Halep&#8217;te s\u0131k kusma ile birlikte ishalden \u015fikayet eden 9 ya\u015f\u0131ndaki bir erkek \u00e7ocuk i\u00e7in \u015f\u00fcpheli bir kolera vakas\u0131 tespit edildi\u011fini, an\u0131nda m\u00fcdahalenin &hellip;<\/p>\n","protected":false},"author":1,"featured_media":262193,"comment_status":"closed","ping_status":"closed","sticky":false,"template":"","format":"standard","meta":{"footnotes":""},"categories":[479,17988,525,478],"tags":[],"class_list":["post-262192","post","type-post","status-publish","format-standard","has-post-thumbnail","","category-haberler-yerel","category-son-haberler","category-toplum","category-yerel"],"_links":{"self":[{"href":"https:\/\/archive.sana.sy\/tr\/index.php?rest_route=\/wp\/v2\/posts\/262192","targetHints":{"allow":["GET"]}}],"collection":[{"href":"https:\/\/archive.sana.sy\/tr\/index.php?rest_route=\/wp\/v2\/posts"}],"about":[{"href":"https:\/\/archive.sana.sy\/tr\/index.php?rest_route=\/wp\/v2\/types\/post"}],"author":[{"embeddable":true,"href":"https:\/\/archive.sana.sy\/tr\/index.php?rest_route=\/wp\/v2\/users\/1"}],"replies":[{"embeddable":true,"href":"https:\/\/archive.sana.sy\/tr\/index.php?rest_route=%2Fwp%2Fv2%2Fcomments&post=262192"}],"version-history":[{"count":0,"href":"https:\/\/archive.sana.sy\/tr\/index.php?rest_route=\/wp\/v2\/posts\/262192\/revisions"}],"wp:featuredmedia":[{"embeddable":true,"href":"https:\/\/archive.sana.sy\/tr\/index.php?rest_route=\/wp\/v2\/media\/262193"}],"wp:attachment":[{"href":"https:\/\/archive.sana.sy\/tr\/index.php?rest_route=%2Fwp%2Fv2%2Fmedia&parent=262192"}],"wp:term":[{"taxonomy":"category","embeddable":true,"href":"https:\/\/archive.sana.sy\/tr\/index.php?rest_route=%2Fwp%2Fv2%2Fcategories&post=262192"},{"taxonomy":"post_tag","embeddable":true,"href":"https:\/\/archive.sana.sy\/tr\/index.php?rest_route=%2Fwp%2Fv2%2Ftags&post=262192"}],"curies":[{"name":"wp","href":"https:\/\/api.w.org\/{rel}","templated":true}]}}