{"id":262195,"date":"2022-09-10T23:30:50","date_gmt":"2022-09-10T20:30:50","guid":{"rendered":"http:\/\/107.6.182.27\/tr\/?p=262195"},"modified":"2022-09-11T08:24:52","modified_gmt":"2022-09-11T05:24:52","slug":"262195","status":"publish","type":"post","link":"https:\/\/archive.sana.sy\/tr\/?p=262195","title":{"rendered":"Bakan Raad, Hama&#8217;da Baz\u0131 Projelerin Tamamlanmas\u0131ndaki \u0130lerlemeyi G\u00f6zden Ge\u00e7irdi"},"content":{"rendered":"<p style=\"text-align: justify;\">HAMA &#8211; Su Kaynaklar\u0131 Bakan\u0131 Dr. Temmam Raad, \u00a0Hama Valili\u011fi&#8217;ndeki bir dizi \u00f6nemli i\u00e7me suyu projesinin ve sulama suyu pompa istasyonlar\u0131n\u0131n tamamlanmas\u0131yla ilgili geli\u015fmeleri g\u00f6den ge\u00e7irdi.<\/p>\n<p style=\"text-align: justify;\">Bakan Raad, SANA muhabirine yapt\u0131\u011f\u0131 a\u00e7\u0131klamada, bu projelerin tamamlan\u0131p hizmete al\u0131nmas\u0131 ve yat\u0131r\u0131m yap\u0131lmas\u0131 halinde onlarca n\u00fcfus merkezi ve binlerce hektar tar\u0131m arazisinin i\u00e7me suyu ve sulamas\u0131n\u0131n sa\u011flanmas\u0131 a\u00e7\u0131s\u0131ndan katma de\u011fer ve b\u00fcy\u00fck bir destek te\u015fkil etti\u011fini belirterek, El Tuvayniye Su \u0130stasyonunu\u00a0\u00a0 ve silahl\u0131 ter\u00f6r gruplar taraf\u0131ndan tahrip edilen\u00a0 Kanalizasyon Genel \u015eirketi\u2019ndeki E\u011fitim ve Rehabilitasyon Merkezini rehabilite etme \u00e7al\u0131\u015fmalar\u0131n\u0131n da g\u00f6zden ge\u00e7irildi\u011fini s\u00f6yledi.<\/p>\n<p style=\"text-align: justify;\">Kanalizasyon Genel \u015eirketi M\u00fcd\u00fcr\u00fc M\u00fchendis Fadi Abbas, \u015firketin Orta Do\u011fu&#8217;nun en \u00f6nemli e\u011fitim ve rehabilitasyon merkezlerinden biri olan ve i\u00e7inde amfi tiyatro, salonlar ve 72 \u00f6\u011frenci odas\u0131 bulunan e\u011fitim ve rehabilitasyon merkezinde e\u011fitim b\u00f6l\u00fcm\u00fcn\u00fcn rehabilite edildi\u011fine dikkat \u00e7ekti.<\/p>\n<p style=\"text-align: justify;\">Hama \u0130l Genel \u0130\u00e7me Suyu Kurumu M\u00fcd\u00fcr\u00fc M\u00fchendis Muti Ab\u015fi, \u0130kinci Hama su hatt\u0131n\u0131n uygulanmas\u0131 \u00e7al\u0131\u015fmalar\u0131n\u0131n \u015fu anda El Resten ve El Katibe sahalar\u0131na odakland\u0131\u011f\u0131na\u00a0 i\u015faret ederek\u00a0 halihaz\u0131rda uygulanmakta olan ve hizmete giren 2000 m2 kapasiteli El Barid Nehri \u00a0su deposu projesi 60.000 ki\u015finin ya\u015fad\u0131\u011f\u0131 35 yerle\u015fim yerinin i\u00e7me suyu ihtiyac\u0131n\u0131 iyile\u015ftirece\u011fini vurgulad\u0131.<\/p>\n<p><span style=\"color: #0000ff;\">#Telegram_Kanal\u0131m\u0131z:\u00a0<a style=\"color: #0000ff;\" href=\"https:\/\/t.me\/SuriyeArapHaberAjans\">https:\/\/t.me\/SuriyeArapHaberAjans<\/a><\/span><\/p>\n","protected":false},"excerpt":{"rendered":"<p>HAMA &#8211; Su Kaynaklar\u0131 Bakan\u0131 Dr. Temmam Raad, \u00a0Hama Valili\u011fi&#8217;ndeki bir dizi \u00f6nemli i\u00e7me suyu projesinin ve sulama suyu pompa istasyonlar\u0131n\u0131n tamamlanmas\u0131yla ilgili geli\u015fmeleri g\u00f6den ge\u00e7irdi. Bakan Raad, SANA muhabirine yapt\u0131\u011f\u0131 a\u00e7\u0131klamada, bu projelerin tamamlan\u0131p hizmete al\u0131nmas\u0131 ve yat\u0131r\u0131m yap\u0131lmas\u0131 halinde onlarca n\u00fcfus merkezi ve binlerce hektar tar\u0131m arazisinin i\u00e7me suyu ve sulamas\u0131n\u0131n sa\u011flanmas\u0131 a\u00e7\u0131s\u0131ndan &hellip;<\/p>\n","protected":false},"author":1,"featured_media":262196,"comment_status":"closed","ping_status":"closed","sticky":false,"template":"","format":"standard","meta":{"footnotes":""},"categories":[479,17988,478],"tags":[],"class_list":["post-262195","post","type-post","status-publish","format-standard","has-post-thumbnail","","category-haberler-yerel","category-son-haberler","category-yerel"],"_links":{"self":[{"href":"https:\/\/archive.sana.sy\/tr\/index.php?rest_route=\/wp\/v2\/posts\/262195","targetHints":{"allow":["GET"]}}],"collection":[{"href":"https:\/\/archive.sana.sy\/tr\/index.php?rest_route=\/wp\/v2\/posts"}],"about":[{"href":"https:\/\/archive.sana.sy\/tr\/index.php?rest_route=\/wp\/v2\/types\/post"}],"author":[{"embeddable":true,"href":"https:\/\/archive.sana.sy\/tr\/index.php?rest_route=\/wp\/v2\/users\/1"}],"replies":[{"embeddable":true,"href":"https:\/\/archive.sana.sy\/tr\/index.php?rest_route=%2Fwp%2Fv2%2Fcomments&post=262195"}],"version-history":[{"count":0,"href":"https:\/\/archive.sana.sy\/tr\/index.php?rest_route=\/wp\/v2\/posts\/262195\/revisions"}],"wp:featuredmedia":[{"embeddable":true,"href":"https:\/\/archive.sana.sy\/tr\/index.php?rest_route=\/wp\/v2\/media\/262196"}],"wp:attachment":[{"href":"https:\/\/archive.sana.sy\/tr\/index.php?rest_route=%2Fwp%2Fv2%2Fmedia&parent=262195"}],"wp:term":[{"taxonomy":"category","embeddable":true,"href":"https:\/\/archive.sana.sy\/tr\/index.php?rest_route=%2Fwp%2Fv2%2Fcategories&post=262195"},{"taxonomy":"post_tag","embeddable":true,"href":"https:\/\/archive.sana.sy\/tr\/index.php?rest_route=%2Fwp%2Fv2%2Ftags&post=262195"}],"curies":[{"name":"wp","href":"https:\/\/api.w.org\/{rel}","templated":true}]}}