{"id":262198,"date":"2022-09-10T23:39:43","date_gmt":"2022-09-10T20:39:43","guid":{"rendered":"http:\/\/107.6.182.27\/tr\/?p=262198"},"modified":"2022-09-11T13:28:17","modified_gmt":"2022-09-11T10:28:17","slug":"idlibte-teror-orgutlerinin-eli-altindaki-bolgelerden-devlet-kontrolundeki-bolgelere-23-aile-vardi","status":"publish","type":"post","link":"https:\/\/archive.sana.sy\/tr\/?p=262198","title":{"rendered":"\u0130dlib&#8217;te Ter\u00f6r \u00d6rg\u00fctlerinin Eli Alt\u0131ndaki B\u00f6lgelerden Devlet Kontrol\u00fcndeki B\u00f6lgelere 23 Aile Vard\u0131"},"content":{"rendered":"<p style=\"text-align: justify;\">\u0130DL\u0130B &#8211; \u0130dlib&#8217;de ter\u00f6r \u00f6rg\u00fctlerinin kontrol etti\u011fi b\u00f6lgelerden gelen 23 aile Halep k\u0131rsal\u0131ndaki Al Tayha koridoru \u00fczerinden devlet kontrol\u00fcndeki b\u00f6lgelere ula\u015ft\u0131.<\/p>\n<p style=\"text-align: justify;\">Hama Valili\u011fi&#8217;nden Halk Meclisi \u00dcyesi Abdul Kafi Ukdah SANA muhabirine yapt\u0131\u011f\u0131 a\u00e7\u0131klamada, ailelerin Suriye Arap Ordusu&#8217;nun korumas\u0131 alt\u0131ndaki g\u00fcvenli b\u00f6lgelere t\u00fcm e\u015fyalar\u0131, mallar\u0131, mekanizmalar\u0131 ve ge\u00e7im kaynaklar\u0131yla g\u00fcvenli bir \u015fekilde ula\u015ft\u0131klar\u0131na i\u015faret ederek, yetkili makamlarla sorunu olan, aranan ya da bilim hizmetinden ayr\u0131lan herkesin stat\u00fcs\u00fc, kurtar\u0131lan \u0130dlib k\u0131rsal\u0131ndaki Han \u015eeyhun \u015fehrinde ge\u00e7en hafta a\u00e7\u0131lan yerle\u015fim merkezinde durumlar\u0131n\u0131n d\u00fczeltilece\u011fine i\u015faret etti.<a href=\"http:\/\/107.6.182.27\/tr\/wp-content\/uploads\/2022\/09\/bbbbbbbbbbbbb.jpg\"><img loading=\"lazy\" decoding=\"async\" class=\"size-full wp-image-262200 alignright\" src=\"http:\/\/107.6.182.27\/tr\/wp-content\/uploads\/2022\/09\/bbbbbbbbbbbbb.jpg\" alt=\"\" width=\"300\" height=\"168\" srcset=\"https:\/\/archive.sana.sy\/tr\/wp-content\/uploads\/2022\/09\/bbbbbbbbbbbbb.jpg 300w, https:\/\/archive.sana.sy\/tr\/wp-content\/uploads\/2022\/09\/bbbbbbbbbbbbb-150x84.jpg 150w\" sizes=\"auto, (max-width: 300px) 100vw, 300px\" \/><\/a><\/p>\n<p style=\"text-align: justify;\">Gelenlerin bir k\u0131sm\u0131, yetkili makamlar taraf\u0131ndan herhangi bir sorumlulu\u011fa tabi tutulmadan veya herhangi bir mali \u00fccret \u00f6demeden giri\u015f prosed\u00fcrlerinin kolayla\u015ft\u0131r\u0131ld\u0131\u011f\u0131n\u0131 belirterek, g\u00fcvenli\u011fi ve devlet kontrol\u00fcndeki alanlara eri\u015fimlerini sa\u011flamak i\u00e7in g\u00f6sterilen t\u00fcm \u00e7aba, koordinasyon ve takip i\u00e7in te\u015fekk\u00fcrlerini ve takdirlerini ifade ettiler.<\/p>\n<p style=\"text-align: justify;\">Al Tayha kap\u0131s\u0131, Halep&#8217;in kuzeydo\u011fu k\u0131rsal\u0131ndaki Menbi\u00e7 \u015fehrinin g\u00fcneybat\u0131 taraf\u0131nda yer al\u0131yor.<a href=\"http:\/\/107.6.182.27\/tr\/wp-content\/uploads\/2022\/09\/cccccccccccccccc.jpg\"><img loading=\"lazy\" decoding=\"async\" class=\"size-full wp-image-262202 alignright\" src=\"http:\/\/107.6.182.27\/tr\/wp-content\/uploads\/2022\/09\/cccccccccccccccc.jpg\" alt=\"\" width=\"300\" height=\"168\" srcset=\"https:\/\/archive.sana.sy\/tr\/wp-content\/uploads\/2022\/09\/cccccccccccccccc.jpg 300w, https:\/\/archive.sana.sy\/tr\/wp-content\/uploads\/2022\/09\/cccccccccccccccc-150x84.jpg 150w\" sizes=\"auto, (max-width: 300px) 100vw, 300px\" \/><\/a><\/p>\n<p style=\"text-align: justify;\">Devlet, son y\u0131llarda \u0130dlib&#8217;de ter\u00f6r \u00f6rg\u00fctlerinin kontrol etti\u011fi b\u00f6lgelerden \u00e7\u0131kmak isteyen sivilleri devlet kontrol\u00fcndeki b\u00f6lgelere almak i\u00e7in \u00e7e\u015fitli koridorlar a\u00e7m\u0131\u015f ve bunlar\u0131 gerekli t\u00fcm imkanlarla donatm\u0131\u015ft\u0131r.<\/p>\n<p><span style=\"color: #0000ff;\">#Telegram_Kanal\u0131m\u0131z:\u00a0<a style=\"color: #0000ff;\" href=\"https:\/\/t.me\/SuriyeArapHaberAjans\">https:\/\/t.me\/SuriyeArapHaberAjans<\/a><\/span><\/p>\n","protected":false},"excerpt":{"rendered":"<p>\u0130DL\u0130B &#8211; \u0130dlib&#8217;de ter\u00f6r \u00f6rg\u00fctlerinin kontrol etti\u011fi b\u00f6lgelerden gelen 23 aile Halep k\u0131rsal\u0131ndaki Al Tayha koridoru \u00fczerinden devlet kontrol\u00fcndeki b\u00f6lgelere ula\u015ft\u0131. Hama Valili\u011fi&#8217;nden Halk Meclisi \u00dcyesi Abdul Kafi Ukdah SANA muhabirine yapt\u0131\u011f\u0131 a\u00e7\u0131klamada, ailelerin Suriye Arap Ordusu&#8217;nun korumas\u0131 alt\u0131ndaki g\u00fcvenli b\u00f6lgelere t\u00fcm e\u015fyalar\u0131, mallar\u0131, mekanizmalar\u0131 ve ge\u00e7im kaynaklar\u0131yla g\u00fcvenli bir \u015fekilde ula\u015ft\u0131klar\u0131na i\u015faret ederek, yetkili &hellip;<\/p>\n","protected":false},"author":1,"featured_media":262199,"comment_status":"closed","ping_status":"closed","sticky":false,"template":"","format":"standard","meta":{"footnotes":""},"categories":[479,17988,478],"tags":[],"class_list":["post-262198","post","type-post","status-publish","format-standard","has-post-thumbnail","","category-haberler-yerel","category-son-haberler","category-yerel"],"_links":{"self":[{"href":"https:\/\/archive.sana.sy\/tr\/index.php?rest_route=\/wp\/v2\/posts\/262198","targetHints":{"allow":["GET"]}}],"collection":[{"href":"https:\/\/archive.sana.sy\/tr\/index.php?rest_route=\/wp\/v2\/posts"}],"about":[{"href":"https:\/\/archive.sana.sy\/tr\/index.php?rest_route=\/wp\/v2\/types\/post"}],"author":[{"embeddable":true,"href":"https:\/\/archive.sana.sy\/tr\/index.php?rest_route=\/wp\/v2\/users\/1"}],"replies":[{"embeddable":true,"href":"https:\/\/archive.sana.sy\/tr\/index.php?rest_route=%2Fwp%2Fv2%2Fcomments&post=262198"}],"version-history":[{"count":0,"href":"https:\/\/archive.sana.sy\/tr\/index.php?rest_route=\/wp\/v2\/posts\/262198\/revisions"}],"wp:featuredmedia":[{"embeddable":true,"href":"https:\/\/archive.sana.sy\/tr\/index.php?rest_route=\/wp\/v2\/media\/262199"}],"wp:attachment":[{"href":"https:\/\/archive.sana.sy\/tr\/index.php?rest_route=%2Fwp%2Fv2%2Fmedia&parent=262198"}],"wp:term":[{"taxonomy":"category","embeddable":true,"href":"https:\/\/archive.sana.sy\/tr\/index.php?rest_route=%2Fwp%2Fv2%2Fcategories&post=262198"},{"taxonomy":"post_tag","embeddable":true,"href":"https:\/\/archive.sana.sy\/tr\/index.php?rest_route=%2Fwp%2Fv2%2Ftags&post=262198"}],"curies":[{"name":"wp","href":"https:\/\/api.w.org\/{rel}","templated":true}]}}