{"id":262223,"date":"2022-09-11T09:40:10","date_gmt":"2022-09-11T06:40:10","guid":{"rendered":"http:\/\/107.6.182.27\/tr\/?p=262223"},"modified":"2022-09-12T10:30:33","modified_gmt":"2022-09-12T07:30:33","slug":"ukraynadaki-rus-askeri-operasyonundaki-gelismeler-28","status":"publish","type":"post","link":"https:\/\/archive.sana.sy\/tr\/?p=262223","title":{"rendered":"Ukrayna\u2019daki Rus Askeri Operasyonundaki Geli\u015fmeler"},"content":{"rendered":"<ul>\n<li>Rus hava savunmas\u0131 Novaya Kahovka \u00fczerinde 35 Ukrayna f\u00fczesini d\u00fc\u015f\u00fcrd\u00fc.<\/li>\n<li>Donetsk: Ukrayna&#8217;n\u0131n topraklar\u0131m\u0131za bombard\u0131man\u0131 sonucu 6 \u00f6l\u00fc ve 11 yaral\u0131.<\/li>\n<li>Zaporocye n\u00fckleer santralindeki Son g\u00fc\u00e7 \u00fcnitesi durdu.<\/li>\n<li>Ukrayna rejim g\u00fc\u00e7lerinin bombalamas\u0131 sonucu korunan ormanlarda \u00f6l\u00fcmler ve yang\u0131nlar.<\/li>\n<\/ul>\n<p><a class=\"qi72231t nu7423ey n3hqoq4p r86q59rh b3qcqh3k fq87ekyn bdao358l fsf7x5fv rse6dlih s5oniofx m8h3af8h l7ghb35v kjdc1dyq kmwttqpk srn514ro oxkhqvkx rl78xhln nch0832m cr00lzj9 rn8ck1ys s3jn8y49 icdlwmnq cxfqmxzd d1w2l3lo tes86rjd\" tabindex=\"0\" role=\"link\" href=\"https:\/\/www.facebook.com\/hashtag\/telegram_kanal%C4%B1m%C4%B1z?__eep__=6&amp;__cft__[0]=AZVElyLZ16r6QhtapCus7zJ8Fjh4iYJwj2V_tWP6tTvL6bq7E9ZjbaUgh93RBBqSChybjE1Xbav_bUNnicAm6xmqpXeZT_A0xiwTRxe36TMSZjPJDXit_B4zBtPEwbsoDSQ&amp;__tn__=*NK-R\">#Telegram_Kanal\u0131m\u0131z<\/a>: <a class=\"qi72231t nu7423ey n3hqoq4p r86q59rh b3qcqh3k fq87ekyn bdao358l fsf7x5fv rse6dlih s5oniofx m8h3af8h l7ghb35v kjdc1dyq kmwttqpk srn514ro oxkhqvkx rl78xhln nch0832m cr00lzj9 rn8ck1ys s3jn8y49 icdlwmnq cxfqmxzd ezidihy3\" tabindex=\"0\" role=\"link\" href=\"https:\/\/t.me\/SuriyeArapHaberAjans?fbclid=IwAR1ahBI_IsFobmlGs9MAtBj8-UVQvfFRJFRjFez3HA93F37MxzIfZ9teLLo\" target=\"_blank\" rel=\"nofollow noopener\">https:\/\/t.me\/SuriyeArapHaberAjans<\/a><\/p>\n","protected":false},"excerpt":{"rendered":"<p>Rus hava savunmas\u0131 Novaya Kahovka \u00fczerinde 35 Ukrayna f\u00fczesini d\u00fc\u015f\u00fcrd\u00fc. Donetsk: Ukrayna&#8217;n\u0131n topraklar\u0131m\u0131za bombard\u0131man\u0131 sonucu 6 \u00f6l\u00fc ve 11 yaral\u0131. Zaporocye n\u00fckleer santralindeki Son g\u00fc\u00e7 \u00fcnitesi durdu. Ukrayna rejim g\u00fc\u00e7lerinin bombalamas\u0131 sonucu korunan ormanlarda \u00f6l\u00fcmler ve yang\u0131nlar. #Telegram_Kanal\u0131m\u0131z: https:\/\/t.me\/SuriyeArapHaberAjans<\/p>\n","protected":false},"author":39,"featured_media":262224,"comment_status":"closed","ping_status":"closed","sticky":false,"template":"","format":"standard","meta":{"footnotes":""},"categories":[458,459,17988],"tags":[],"class_list":["post-262223","post","type-post","status-publish","format-standard","has-post-thumbnail","","category-dunya1","category-haberler-arap-uluslararasi-politika","category-son-haberler"],"_links":{"self":[{"href":"https:\/\/archive.sana.sy\/tr\/index.php?rest_route=\/wp\/v2\/posts\/262223","targetHints":{"allow":["GET"]}}],"collection":[{"href":"https:\/\/archive.sana.sy\/tr\/index.php?rest_route=\/wp\/v2\/posts"}],"about":[{"href":"https:\/\/archive.sana.sy\/tr\/index.php?rest_route=\/wp\/v2\/types\/post"}],"author":[{"embeddable":true,"href":"https:\/\/archive.sana.sy\/tr\/index.php?rest_route=\/wp\/v2\/users\/39"}],"replies":[{"embeddable":true,"href":"https:\/\/archive.sana.sy\/tr\/index.php?rest_route=%2Fwp%2Fv2%2Fcomments&post=262223"}],"version-history":[{"count":0,"href":"https:\/\/archive.sana.sy\/tr\/index.php?rest_route=\/wp\/v2\/posts\/262223\/revisions"}],"wp:featuredmedia":[{"embeddable":true,"href":"https:\/\/archive.sana.sy\/tr\/index.php?rest_route=\/wp\/v2\/media\/262224"}],"wp:attachment":[{"href":"https:\/\/archive.sana.sy\/tr\/index.php?rest_route=%2Fwp%2Fv2%2Fmedia&parent=262223"}],"wp:term":[{"taxonomy":"category","embeddable":true,"href":"https:\/\/archive.sana.sy\/tr\/index.php?rest_route=%2Fwp%2Fv2%2Fcategories&post=262223"},{"taxonomy":"post_tag","embeddable":true,"href":"https:\/\/archive.sana.sy\/tr\/index.php?rest_route=%2Fwp%2Fv2%2Ftags&post=262223"}],"curies":[{"name":"wp","href":"https:\/\/api.w.org\/{rel}","templated":true}]}}